{"id":27787,"date":"2025-03-30T08:05:00","date_gmt":"2025-03-30T11:05:00","guid":{"rendered":"https:\/\/www.semanariolocal.cl\/?p=27787"},"modified":"2025-03-29T22:35:02","modified_gmt":"2025-03-30T01:35:02","slug":"cuando-postular-a-un-colegio-es-un-dolor-de-cabeza","status":"publish","type":"post","link":"https:\/\/www.semanariolocal.cl\/?p=27787","title":{"rendered":"Cu\u00e1ndo postular a un colegio es un dolor de cabeza"},"content":{"rendered":"\n<p><strong><mark style=\"background-color:#abb8c3\" class=\"has-inline-color has-white-color\">30 de marzo del 2025.- <\/mark><\/strong> \u201cMi hijo no qued\u00f3 seleccionado en ning\u00fan colegio\u201d o \u201cEstamos nerviosos, no s\u00e9 c\u00f3mo nos ir\u00e1 en la entrevista que nos har\u00e1n como padres para postular\u201d.<\/p>\n\n\n\n<p>Y es que postular por primera vez a un colegio en Chile se ha convertido en un verdadero dolor de cabeza para las familias. Lo que deber\u00eda ser un proceso de inclusi\u00f3n y acogida, se transforma en una carrera de obst\u00e1culos. En una posta con exigencias desmedidas que generan estr\u00e9s, incertidumbre y una sensaci\u00f3n de segregaci\u00f3n en el sistema educativo.<\/p>\n\n\n\n<p>Seg\u00fan el Centro de Estudios P\u00fablicos (CEP, 2023), el 68% de los padres en Chile experimenta altos niveles de ansiedad al elegir un colegio para sus hijos. Esto principalmente debido a la excesiva demanda por cupos en establecimientos de alta calidad y a la falta de transparencia en los criterios de admisi\u00f3n.<\/p>\n\n\n\n<p>Esto sostiene el Instituto Nacional de Estad\u00edsticas (INE, 2022), el cual se\u00f1ala que un 40% de las familias ha postulado sin \u00e9xito en su primera opci\u00f3n. Esto obliga a muchos a buscar alternativas fuera de su comuna de residencia, generando problemas de desplazamiento y costos adicionales.<\/p>\n\n\n\n<p>Las pruebas de admisi\u00f3n en educaci\u00f3n inicial, entrevistas con preguntas desmedidas a los padres y requisitos como informes psicol\u00f3gicos y acad\u00e9micos previos evidencian un sistema que m\u00e1s que acoger, selecciona.<\/p>\n\n\n\n<p>Ante este panorama, es urgente que las familias cambien el foco al momento de elegir un establecimiento. M\u00e1s all\u00e1 de los puntajes Simce o la reputaci\u00f3n del establecimiento, deben preguntarse: \u00bffomenta este colegio la diversidad y el bienestar emocional? \u00bfSus valores est\u00e1n alineados con lo que buscamos como familia? \u00bfCuenta con metodolog\u00edas inclusivas que atiendan las necesidades individuales de los ni\u00f1os?<\/p>\n\n\n\n<p>Se vuelve imperioso que el sistema replantee sus criterios de admisi\u00f3n. La educaci\u00f3n es un derecho. Si realmente queremos garantizar igualdad de oportunidades, debemos avanzar hacia un modelo donde el acceso no dependa del nivel socioecon\u00f3mico ni de la capacidad de los padres para sortear complejos procesos de postulaci\u00f3n.<\/p>\n\n\n\n<p>Chile requiere un sistema educativo que acoja y no que segregue. Es momento de transformar la forma en que recibimos a los estudiantes y sus familias, priorizando lo que realmente importa: el aprendizaje, la inclusi\u00f3n y el desarrollo integral de cada ni\u00f1a y ni\u00f1o.<\/p>\n\n\n\n<p><strong>Juan Pablo Catal\u00e1n Cueto,&nbsp;Profesor Investigador&nbsp;Universidad Andr\u00e9s Bello<\/strong><\/p>\n","protected":false},"excerpt":{"rendered":"<p>Muy a menudo se escucha en las conversaciones de los chilenos: \u201cEstoy postulando a mi hijo por primera vez al colegio, y como est\u00e1 dif\u00edcil, lo haremos en varios establecimientos\u201d.<\/p>\n","protected":false},"author":1,"featured_media":27789,"comment_status":"closed","ping_status":"closed","sticky":false,"template":"","format":"standard","meta":{"footnotes":""},"categories":[3,11,7],"tags":[2118,3906,337,4034,273,247,133,1822],"class_list":["post-27787","post","type-post","status-publish","format-standard","has-post-thumbnail","hentry","category-al-dia","category-educacion","category-opinion","tag-semanariolocal","tag-juan-pablo-catalan-cueto","tag-informacion","tag-matriculas","tag-noticias","tag-region-de-los-lagos","tag-semanario-local","tag-universidad-andres-bello"],"_links":{"self":[{"href":"https:\/\/www.semanariolocal.cl\/index.php?rest_route=\/wp\/v2\/posts\/27787","targetHints":{"allow":["GET"]}}],"collection":[{"href":"https:\/\/www.semanariolocal.cl\/index.php?rest_route=\/wp\/v2\/posts"}],"about":[{"href":"https:\/\/www.semanariolocal.cl\/index.php?rest_route=\/wp\/v2\/types\/post"}],"author":[{"embeddable":true,"href":"https:\/\/www.semanariolocal.cl\/index.php?rest_route=\/wp\/v2\/users\/1"}],"replies":[{"embeddable":true,"href":"https:\/\/www.semanariolocal.cl\/index.php?rest_route=%2Fwp%2Fv2%2Fcomments&post=27787"}],"version-history":[{"count":1,"href":"https:\/\/www.semanariolocal.cl\/index.php?rest_route=\/wp\/v2\/posts\/27787\/revisions"}],"predecessor-version":[{"id":27788,"href":"https:\/\/www.semanariolocal.cl\/index.php?rest_route=\/wp\/v2\/posts\/27787\/revisions\/27788"}],"wp:featuredmedia":[{"embeddable":true,"href":"https:\/\/www.semanariolocal.cl\/index.php?rest_route=\/wp\/v2\/media\/27789"}],"wp:attachment":[{"href":"https:\/\/www.semanariolocal.cl\/index.php?rest_route=%2Fwp%2Fv2%2Fmedia&parent=27787"}],"wp:term":[{"taxonomy":"category","embeddable":true,"href":"https:\/\/www.semanariolocal.cl\/index.php?rest_route=%2Fwp%2Fv2%2Fcategories&post=27787"},{"taxonomy":"post_tag","embeddable":true,"href":"https:\/\/www.semanariolocal.cl\/index.php?rest_route=%2Fwp%2Fv2%2Ftags&post=27787"}],"curies":[{"name":"wp","href":"https:\/\/api.w.org\/{rel}","templated":true}]}}