{"id":27781,"date":"2025-03-29T22:08:44","date_gmt":"2025-03-30T01:08:44","guid":{"rendered":"https:\/\/www.semanariolocal.cl\/?p=27781"},"modified":"2025-03-29T22:09:45","modified_gmt":"2025-03-30T01:09:45","slug":"terremoto-inminente-el-sismo-de-gran-magnitud-que-podria-sacudir-a-chile","status":"publish","type":"post","link":"https:\/\/www.semanariolocal.cl\/?p=27781","title":{"rendered":"\u00bfTerremoto inminente?: el sismo de gran magnitud que podr\u00eda sacudir a Chile"},"content":{"rendered":"\n<p><strong><mark style=\"background-color:#abb8c3\" class=\"has-inline-color has-white-color\">29 de Marzo del 2025.-<\/mark><\/strong> Una serie de sismos ocurridos en el norte de Chile ha disparado las alarmas tanto en la poblaci\u00f3n como en la comunidad cient\u00edfica, desde donde se analizan las implicancias de este \u201cenjambre tel\u00farico\u201d. Este trae consigo la posibilidad de que se produzca un terremoto de grandes proporciones como el ocurrido en Vallenar, Atacama (1922), que alcanz\u00f3 8.5 de magnitud, o como el de Valdivia en 1960 de 9.5, siendo este \u00faltimo el m\u00e1s destructivo de la historia mundial.<\/p>\n\n\n\n<p>La acad\u00e9mica del&nbsp;<a href=\"https:\/\/www.uoh.cl\/instituto-de-ciencias-de-la-ingenieria\/\" target=\"_blank\" rel=\"noreferrer noopener\">Instituto de Ciencias de la Ingenier\u00eda<\/a>&nbsp;de la&nbsp;<a href=\"http:\/\/www.uoh.cl\/\" target=\"_blank\" rel=\"noreferrer noopener\">Universidad de O&#8217;Higgins<\/a>&nbsp;(UOH),&nbsp;<a href=\"https:\/\/www.uoh.cl\/investigacion\/academico\/alejandra-serey\/\" target=\"_blank\" rel=\"noreferrer noopener\">Alejandra Serey<\/a>, explica que la sismicidad en la zona norte de Chile podr\u00eda estar reflejando un proceso de liberaci\u00f3n progresiva de energ\u00eda que se ha venido acumulando desde 1922, o ser un preludio de un evento de grandes proporciones que afectar\u00eda considerablemente las comunas de Iquique y Mejillones, ubicadas en las regiones de Atacama y Antofagasta, respectivamente.<\/p>\n\n\n\n<p>\u201cEstamos en presencia de advertencias s\u00edsmicas, y a la espera de un terremoto de gran magnitud de entre 8.0 y 8.4 en la escala de Richter, y con el que se pueden generar tsunamis, y otros peligros geol\u00f3gicos en cascada con remociones en masa, o con deslizamientos que embalsar\u00edan alg\u00fan valle, con lo cual se afectar\u00edan a gran escala estas poblaciones, tal como ocurriera en el terremoto de Valdivia de 1960, donde se alteraron los cauces de r\u00edos, y se produjeron grandes embalsamientos\u201d.<\/p>\n\n\n\n<p><strong>Del enjambre al terremoto<\/strong><\/p>\n\n\n\n<p>La doctora en Geolog\u00eda se refiere a \u201cestos enjambres s\u00edsmicos\u201d que se han sucedido en el norte del pa\u00eds, como un reflejo de temblores \u201ca los que no estamos tan acostumbrados\u201d, a diferencia de los terremotos provocados entre la placa de Nazca y la placa Sudamericana, que son m\u00e1s conocidos por sus enormes dimensiones, adem\u00e1s de venir acompa\u00f1ados de r\u00e9plicas que se producen de forma sucesiva en d\u00edas, meses o d\u00e9cadas, indica la investigadora.<\/p>\n\n\n\n<p>Sostuvo que, de ocurrir un terremoto de estas caracter\u00edsticas, el norte del pa\u00eds sufrir\u00eda consecuencias inmediatas, que se extender\u00edan durante los pr\u00f3ximos a\u00f1os, de tal modo que \u201cseguir\u00edamos sufriendo las secuelas o peligros asociados o desencadenados por este evento, cuyo momento exacto, aunque no se pueda predecir, el pa\u00eds deber\u00e1 estar preparado ante esta amenaza inminente\u201d, concluye la especialista.<\/p>\n\n\n\n<p><strong>Experiencia y aprendizaje<\/strong><\/p>\n\n\n\n<p>Por su parte, el acad\u00e9mico del&nbsp;<a href=\"https:\/\/www.uoh.cl\/instituto-de-ciencias-sociales\/\" target=\"_blank\" rel=\"noreferrer noopener\">Instituto de Ciencias Sociales<\/a>&nbsp;de la UOH,&nbsp;<a href=\"https:\/\/www.uoh.cl\/investigacion\/academico\/ricardo-fuentealba\/\" target=\"_blank\" rel=\"noreferrer noopener\">Ricardo Fuentealba<\/a>, destaca los potenciales aprendizajes en la gesti\u00f3n del riesgo de desastre que ha acumulado el pa\u00eds y las comunidades, especialmente a partir de la experiencia con eventos como el terremoto de Antofagasta de 1995, el de 2007 en Tocopilla, el de 2014 en Arica e Iquique, \u201cy sin duda el 27F del a\u00f1o 2010\u201d.<\/p>\n\n\n\n<p>\u00abFormalmente, el pa\u00eds ha visto un avance importante en la gesti\u00f3n del riesgo en los \u00faltimos a\u00f1os, donde se han desarrollado planes de emergencia regionales y comunales espec\u00edficos, que incluyen anexos para una mejor coordinaci\u00f3n al momento de enfrentar una emergencia ligada a amenazas de terremotos o de tsunamis, que podr\u00edan ocurrir en Arica y Parinacota, Antofagasta o Atacama\u201d.<\/p>\n\n\n\n<p><strong>Infraestructura y lecciones<\/strong><\/p>\n\n\n\n<p>Fuentealba subraya que desde 1960 en adelante Chile tambi\u00e9n ha evolucionado en infraestructura y en normativa de construcci\u00f3n, lo que permitir\u00eda mitigar el impacto de un sismo de gran magnitud, en caso de que este ocurra. No obstante, advierte que, a pesar de estos avances, existen eventos como el reciente apag\u00f3n de febrero 2025, que dej\u00f3 sin energ\u00eda el\u00e9ctrica a buena parte del pa\u00eds, que demuestran la vulnerabilidad ante un sismo de grandes proporciones.<\/p>\n\n\n\n<p>\u00abMientras nuestro pa\u00eds desarrolla su capacidad de gestionar y reducir el riesgo, hay eventos que siempre muestran las debilidades del sistema. Esto lo vimos con el apag\u00f3n de febrero 2025, donde una falla en la l\u00ednea de transmisi\u00f3n produjo un corte de luz que afect\u00f3 a millones de personas en el pa\u00eds. \u00bfQu\u00e9 pasar\u00eda entonces, en materia de electricidad si ocurriera un sismo de gran magnitud? Estar preparados requiere una serie de acciones cotidianas que anticipen estos escenarios\u201d, indica el experto a manera de alertar la urgencia.<\/p>\n\n\n\n<p>El acad\u00e9mico insiste en fortalecer la resiliencia y redundancia de los sistemas de infraestructura del pa\u00eds desde lo institucional, en raz\u00f3n de aportar mayor seguridad y soporte a la poblaci\u00f3n chilena frente a eventos impredecibles, pero que ocurrir\u00e1n tarde o temprano.&nbsp;<\/p>\n","protected":false},"excerpt":{"rendered":"<p>La advertencia toma fuerza tras la secuencia de temblores registrados recientemente en el norte del pa\u00eds, incluyendo el evento s\u00edsmico del pasado 06 de marzo en Sierra Gorda, que alcanz\u00f3 6.0 de magnitud, seg\u00fan indicaciones oficiales.<\/p>\n","protected":false},"author":1,"featured_media":27783,"comment_status":"closed","ping_status":"closed","sticky":false,"template":"","format":"standard","meta":{"footnotes":""},"categories":[3302,3,3558],"tags":[2118,337,273,247,133,2105,176],"class_list":["post-27781","post","type-post","status-publish","format-standard","has-post-thumbnail","hentry","category-academia","category-al-dia","category-cronica","tag-semanariolocal","tag-informacion","tag-noticias","tag-region-de-los-lagos","tag-semanario-local","tag-universidad-bernardo-ohiggins","tag-uoh"],"_links":{"self":[{"href":"https:\/\/www.semanariolocal.cl\/index.php?rest_route=\/wp\/v2\/posts\/27781","targetHints":{"allow":["GET"]}}],"collection":[{"href":"https:\/\/www.semanariolocal.cl\/index.php?rest_route=\/wp\/v2\/posts"}],"about":[{"href":"https:\/\/www.semanariolocal.cl\/index.php?rest_route=\/wp\/v2\/types\/post"}],"author":[{"embeddable":true,"href":"https:\/\/www.semanariolocal.cl\/index.php?rest_route=\/wp\/v2\/users\/1"}],"replies":[{"embeddable":true,"href":"https:\/\/www.semanariolocal.cl\/index.php?rest_route=%2Fwp%2Fv2%2Fcomments&post=27781"}],"version-history":[{"count":1,"href":"https:\/\/www.semanariolocal.cl\/index.php?rest_route=\/wp\/v2\/posts\/27781\/revisions"}],"predecessor-version":[{"id":27782,"href":"https:\/\/www.semanariolocal.cl\/index.php?rest_route=\/wp\/v2\/posts\/27781\/revisions\/27782"}],"wp:featuredmedia":[{"embeddable":true,"href":"https:\/\/www.semanariolocal.cl\/index.php?rest_route=\/wp\/v2\/media\/27783"}],"wp:attachment":[{"href":"https:\/\/www.semanariolocal.cl\/index.php?rest_route=%2Fwp%2Fv2%2Fmedia&parent=27781"}],"wp:term":[{"taxonomy":"category","embeddable":true,"href":"https:\/\/www.semanariolocal.cl\/index.php?rest_route=%2Fwp%2Fv2%2Fcategories&post=27781"},{"taxonomy":"post_tag","embeddable":true,"href":"https:\/\/www.semanariolocal.cl\/index.php?rest_route=%2Fwp%2Fv2%2Ftags&post=27781"}],"curies":[{"name":"wp","href":"https:\/\/api.w.org\/{rel}","templated":true}]}}