{"id":27770,"date":"2025-03-29T07:55:00","date_gmt":"2025-03-29T10:55:00","guid":{"rendered":"https:\/\/www.semanariolocal.cl\/?p=27770"},"modified":"2025-03-29T20:06:55","modified_gmt":"2025-03-29T23:06:55","slug":"comite-de-ministros-aprueba-prorroga-para-tres-zonas-de-interes-turistico-de-la-region","status":"publish","type":"post","link":"https:\/\/www.semanariolocal.cl\/?p=27770","title":{"rendered":"Comit\u00e9 de Ministros aprueba pr\u00f3rroga para tres Zonas de Inter\u00e9s Tur\u00edstico de la Regi\u00f3n"},"content":{"rendered":"\n<p><strong><mark style=\"background-color:#abb8c3\" class=\"has-inline-color has-white-color\">29 de Marzo del 2025.- <\/mark><\/strong>La primera sesi\u00f3n del a\u00f1o 2025 del \u201cComit\u00e9 de Ministros para el Turismo\u201d culmin\u00f3 con muy buenas noticias para el desarrollo y la planificaci\u00f3n estrat\u00e9gica de la actividad tur\u00edstica de la Regi\u00f3n de Los Lagos.<\/p>\n\n\n\n<p>Esto porque, en decisi\u00f3n un\u00e1nime, el cuerpo colegiado compuesto por los titulares de las carteras de Econom\u00eda, Agricultura, Medio Ambiente, Obras P\u00fablicas, Vivienda, Bienes Nacionales, Cultura, Artes y Patrimonio aprob\u00f3 la solicitud de pr\u00f3rroga (renovaci\u00f3n) de la declaratoria de las Zonas de Inter\u00e9s Tur\u00edstico (ZOIT) \u201cLago Llanquihue\u201d, \u201cCocham\u00f3-RioPuelo-Hualaihu\u00e9\u201d y \u201cChait\u00e9n\u201d.&nbsp;&nbsp;&nbsp; &nbsp;&nbsp;&nbsp;&nbsp;&nbsp;<\/p>\n\n\n\n<p>Tras analizar y validar una serie de iniciativas y propuestas presentadas por la Subsecretar\u00eda de Turismo y la direcci\u00f3n nacional de Sernatur, tendientes a impulsar la infraestructura, la sostenibilidad y la resiliencia del turismo a nivel nacional, buscando alinear a Chile con las tendencias globales de la industria; el comit\u00e9 debi\u00f3 revisar y sancionar las carpetas de antecedentes presentadas por la direcci\u00f3n regional de Sernatur, las cuales fueron elaboradas de manera colaborativa en diversas jornadas junto a emprendedoras\/es, empresarias\/os, representantes gremiales, municipios y servicios p\u00fablicos de cada territorio, durante el segundo semestre de 2024.<\/p>\n\n\n\n<p>Conocida la aprobaci\u00f3n de las tres renovaciones de declaratoria, las autoridades regionales destacaron la buena noticia, relevando el aporte de cada integrante de las gobernanzas p\u00fablico-privada que permitieron realizar una contundente solicitud ante el comit\u00e9.<\/p>\n\n\n\n<p>En ese sentido, la delegada presidencial Paulina Mu\u00f1oz, indic\u00f3 que \u201ces una importante informaci\u00f3n para entregar a nuestra regi\u00f3n de Los Lagos, a los emprendedores y emprendedoras que realizan la actividad del turismo tambi\u00e9n y relevar el trabajo que lidera el Seremi de Econom\u00eda Luis C\u00e1rdenas y a trav\u00e9s de Sernatur, nuestra directora Claudia Renedo, en donde podemos informar que se han aprobado las tres zonas de inter\u00e9s tur\u00edstico ac\u00e1 en nuestra regi\u00f3n de los lagos, un compromiso que estamos llevando junto con el Gobierno del Presidente Gabriel Boric, y tambi\u00e9n de manera muy colaborativa con todas las instituciones del Estado\u201d.<\/p>\n\n\n\n<p>En esa misma l\u00ednea, el Seremi de Econom\u00eda, Fomento y Turismo de Los Lagos, Luis C\u00e1rdenas, relatando que lo ocurrido en Santiago \u201ces muy importante, porque sesion\u00f3 el Comit\u00e9 de Ministros del Turismo presidido por nuestro Ministro de Econom\u00eda, Nicol\u00e1s Grau, y se aprobaron las zonas de inter\u00e9s tur\u00edstico. Tres, particularmente, en el caso de Lago Llanquihue, Hualaihu\u00e9-Cocham\u00f3-R\u00edo Puelo y tambi\u00e9n Chait\u00e9n. Eso viene, de alguna manera, a poner en valor lo que estamos haciendo en los territorios. Estas zonas son muy importantes, no solamente porque tienen una gobernanza p\u00fablico-privada, sino tambi\u00e9n por el efecto que tiene en nuestra econom\u00eda de la regi\u00f3n de Los Lagos. Con esto buscamos seguir trabajando de manera ordenada, colaborativa, con los diversos sectores productivos, pero particularmente con el turismo, para seguir avanzando y contribuyendo en el desarrollo de la econom\u00eda local\u201d.<\/p>\n\n\n\n<p>Por su parte, Claudia Renedo, directora regional de Sernatur, agradeci\u00f3 el apoyo de todos quienes aportaron para sacar adelante estas declaratorias que permiten un desarrollo arm\u00f3nico de la actividad en cada territorio. \u201cEfectivamente, lo que es una declaratoria ZOIT, significa un trabajo colaborativo entre los distintos servicios, el mundo p\u00fablico, el mundo privado, los gremios, emprendedores y emprendedoras, para que logremos desarrollar una cartera de iniciativas que le entreguen una mejor calidad a ese destino y a ese territorio y que potencie as\u00ed el turismo. De esa manera estamos muy contentos porque como Gobierno trabajamos de manera conjunta distintos ministerios, la delegada y nuestro Seremi de Econom\u00eda para lograr esta iniciativa que finalmente fueron aprobadas en este Comit\u00e9 de Ministros de Turismo\u201d.<\/p>\n\n\n\n<p><strong><em>Zonas de Inter\u00e9s Tur\u00edstico<\/em><\/strong><\/p>\n\n\n\n<p>Las zonas de inter\u00e9s tur\u00edstico son \u00e1reas comunales, intercomunales o sectores espec\u00edficos dentro de ellas, que cuentan con caracter\u00edsticas especiales para atraer al turismo y que demandan acciones de conservaci\u00f3n, as\u00ed como una planificaci\u00f3n integral para fomentar las inversiones del sector privado.<\/p>\n\n\n\n<p>De acuerdo a esta l\u00f3gica, estas zonas deben ser priorizadas en la ejecuci\u00f3n de programas y proyectos p\u00fablicos enfocados en el desarrollo de la actividad tur\u00edstica, incluyendo la asignaci\u00f3n de recursos para obras de infraestructura habilitante y equipamientos esenciales para el desarrollo de la actividad.<\/p>\n\n\n\n<p>La rRgi\u00f3n de Los Lagos, cuenta actualmente con 7 Zonas de Inter\u00e9s Tur\u00edstica, siendo el territorio con mayor cantidad de estas declaratorias a nivel nacional y la \u00fanica que cuenta con una ZOIT Birregional, que comprende las comunas de Puyehue y Rio Bueno, en la regi\u00f3n de Los R\u00edos.<\/p>\n\n\n\n<p>Por esta raz\u00f3n, las autoridades regionales remarcaron que la renovaci\u00f3n de estas 3 declaratorias, reafirman el compromiso del Gobierno con un turismo inclusivo, sostenible y resiliente, que busca garantizar el crecimiento arm\u00f3nico a largo plazo de este sector estrat\u00e9gico para la econom\u00eda nacional.<\/p>\n","protected":false},"excerpt":{"rendered":"<p>Autoridades revisaron y sancionaron favorablemente los antecedentes presentados por las gobernanzas p\u00fablico-privadas de las ZOIT \u201cLago Llanquihue\u201d, \u201cCocham\u00f3-RioPuelo-Hualaihu\u00e9\u201d y \u201cChait\u00e9n\u201d.    <\/p>\n","protected":false},"author":1,"featured_media":27771,"comment_status":"closed","ping_status":"closed","sticky":false,"template":"","format":"standard","meta":{"footnotes":""},"categories":[3,9,3842,2483,2747],"tags":[2118,337,478,273,247,133],"class_list":["post-27770","post","type-post","status-publish","format-standard","has-post-thumbnail","hentry","category-al-dia","category-gobierno","category-politicas-publicas","category-region","category-turismo","tag-semanariolocal","tag-informacion","tag-informaciones","tag-noticias","tag-region-de-los-lagos","tag-semanario-local"],"_links":{"self":[{"href":"https:\/\/www.semanariolocal.cl\/index.php?rest_route=\/wp\/v2\/posts\/27770","targetHints":{"allow":["GET"]}}],"collection":[{"href":"https:\/\/www.semanariolocal.cl\/index.php?rest_route=\/wp\/v2\/posts"}],"about":[{"href":"https:\/\/www.semanariolocal.cl\/index.php?rest_route=\/wp\/v2\/types\/post"}],"author":[{"embeddable":true,"href":"https:\/\/www.semanariolocal.cl\/index.php?rest_route=\/wp\/v2\/users\/1"}],"replies":[{"embeddable":true,"href":"https:\/\/www.semanariolocal.cl\/index.php?rest_route=%2Fwp%2Fv2%2Fcomments&post=27770"}],"version-history":[{"count":2,"href":"https:\/\/www.semanariolocal.cl\/index.php?rest_route=\/wp\/v2\/posts\/27770\/revisions"}],"predecessor-version":[{"id":27774,"href":"https:\/\/www.semanariolocal.cl\/index.php?rest_route=\/wp\/v2\/posts\/27770\/revisions\/27774"}],"wp:featuredmedia":[{"embeddable":true,"href":"https:\/\/www.semanariolocal.cl\/index.php?rest_route=\/wp\/v2\/media\/27771"}],"wp:attachment":[{"href":"https:\/\/www.semanariolocal.cl\/index.php?rest_route=%2Fwp%2Fv2%2Fmedia&parent=27770"}],"wp:term":[{"taxonomy":"category","embeddable":true,"href":"https:\/\/www.semanariolocal.cl\/index.php?rest_route=%2Fwp%2Fv2%2Fcategories&post=27770"},{"taxonomy":"post_tag","embeddable":true,"href":"https:\/\/www.semanariolocal.cl\/index.php?rest_route=%2Fwp%2Fv2%2Ftags&post=27770"}],"curies":[{"name":"wp","href":"https:\/\/api.w.org\/{rel}","templated":true}]}}