{"id":27749,"date":"2025-03-28T11:10:00","date_gmt":"2025-03-28T14:10:00","guid":{"rendered":"https:\/\/www.semanariolocal.cl\/?p=27749"},"modified":"2025-03-28T23:16:58","modified_gmt":"2025-03-29T02:16:58","slug":"primeros-resultados-del-censo-2024-890-284-personas-en-la-region-de-los-lagos","status":"publish","type":"post","link":"https:\/\/www.semanariolocal.cl\/?p=27749","title":{"rendered":"Primeros resultados del Censo 2024: 890.284 personas en la Regi\u00f3n de Los Lagos"},"content":{"rendered":"\n<p><strong><mark style=\"background-color:#abb8c3\" class=\"has-inline-color has-white-color\">28 de marzo del 2025.- <\/mark><\/strong>Durante el Censo de Poblaci\u00f3n y Vivienda que se efectu\u00f3 entre marzo y julio de 2024 fueron censadas un total de 890.284 personas en la Regi\u00f3n de Los Lagos de las cuales 50,9% son mujeres y 49,1% son hombres. As\u00ed lo inform\u00f3 durante esta ma\u00f1ana la directora regional del Instituto Nacional de Estad\u00edsticas (INE), Sergio Zuloaga.<\/p>\n\n\n\n<p>Esta cifra implica un crecimiento de 7,4% respecto al Censo de 2017 y representa un 4,8% de la poblaci\u00f3n censada a nivel nacional, siendo la s\u00e9ptima regi\u00f3n con m\u00e1s residentes del pa\u00eds.<\/p>\n\n\n\n<p>Dentro de la regi\u00f3n, las comunas que concentran la mayor cantidad de poblaci\u00f3n son Puerto Montt, con un 31,1% del total regional, y Osorno, con un 18,7%.<\/p>\n\n\n\n<p><strong>Envejecimiento de la poblaci\u00f3n<\/strong><\/p>\n\n\n\n<p>Las cifras dada a conocer muestran que, al igual que a nivel nacional, la poblaci\u00f3n de la Regi\u00f3n de Los Lagos presenta un avance en el envejecimiento. Al comparar con censos anteriores se observa un aumento de la proporci\u00f3n de personas de 65 a\u00f1os o m\u00e1s, que alcanz\u00f3 el 13,4% en el Censo 2024, mientras que en 1992 era 6,8% (7,9% en 2002 y 11,2% en 2017). Al mismo tiempo, se aprecia una disminuci\u00f3n del porcentaje de personas con 14 a\u00f1os o menos, al pasar de 30,1% en 1992 a 17,7% en 2024 (26,7% en 2002 y 20,8% en 2017).<\/p>\n\n\n\n<p>De esta manera, los datos indican que la regi\u00f3n mantiene la tendencia al alza en el \u00cdndice de Envejecimiento (cantidad de personas de 65 a\u00f1os o m\u00e1s por cada 100 personas de 14 a\u00f1os o menos). Mientras en 1992 hab\u00eda 22,7 personas de 65 a\u00f1os o m\u00e1s por cada 100 personas de 14 a\u00f1os o menos, en 2024 esa cifra aumenta a 75,8, inferior a la observada a nivel nacional (79).<\/p>\n\n\n\n<p>Las comunas con los \u00edndices de envejecimiento m\u00e1s alto en la regi\u00f3n son San Juan de la Costa (158,1) y Cocham\u00f3 (141,1). En tanto las comunas con los \u00edndices m\u00e1s bajos son Quell\u00f3n (46,9) y Puerto Montt (55,7).<\/p>\n\n\n\n<p><strong>Viviendas y hogares censados<\/strong><\/p>\n\n\n\n<p>En el Censo 2024 se censaron 404.142 viviendas a nivel regional, n\u00famero que representa un crecimiento de 21,4% respecto al n\u00famero registrado en el Censo de 2017. Las viviendas censadas en la regi\u00f3n equivalen a un 5,3% del total censado a nivel nacional. Del total de viviendas censadas en 2024, el 99,9% corresponde a viviendas particulares y el 0,1%, a viviendas colectivas.<\/p>\n\n\n\n<p>En sinton\u00eda con lo anterior, el n\u00famero de hogares en la regi\u00f3n lleg\u00f3 a 332.395, lo que tambi\u00e9n equivale a un incremento respecto del Censo 2017, cuando se contabilizaron 277.482 hogares, mientras que en 1992 esta cifra era 148.338.<\/p>\n\n\n\n<p>El promedio de personas por hogar en la regi\u00f3n ha continuado disminuyendo, pasando de 4,1 personas por hogar en 1992 a 2,7 personas por hogar en 2024 (3,5 en 2002 y 2,9 en 2017), con un tama\u00f1o promedio de hogares levemente inferior al nacional (2,8).<\/p>\n\n\n\n<p>Al igual que a nivel pa\u00eds, respecto a la composici\u00f3n de los hogares, se observa un aumento en el porcentaje de hogares conformados solo por personas de 65 a\u00f1os o m\u00e1s en la regi\u00f3n. En 1992, esta cifra alcanzaba un 3,5% y se incrementa a 11,7% el a\u00f1o 2024. Por otro lado, desciende el porcentaje de hogares con al menos una persona de 14 a\u00f1os o menos, al pasar de 64,5% en 1992 a 32,9% en 2024 (56% en 2002 y 41% en 2017).<\/p>\n\n\n\n<p><strong>Censo en L\u00ednea<\/strong>&nbsp;<\/p>\n\n\n\n<p>Una de las innovaciones de este censo fue el uso de tecnolog\u00eda. El 93,7% de la poblaci\u00f3n censada en la regi\u00f3n lo hizo a trav\u00e9s de una entrevista presencial por medio de un dispositivo m\u00f3vil y el 6,3% lo hizo accediendo al Censo en L\u00ednea. A nivel nacional, esta \u00faltima cifra alcanza un 6,2%, por lo que la regi\u00f3n muestra un comportamiento similar al observado a nivel nacional.<\/p>\n\n\n\n<p>Los resultados completos disponibles en&nbsp;<a href=\"http:\/\/www.censo2024.cl\/\" target=\"_blank\" rel=\"noreferrer noopener\">www.censo2024.cl<\/a>&nbsp;<\/p>\n","protected":false},"excerpt":{"rendered":"<p>La regi\u00f3n presenta un \u00edndice de envejecimiento inferior al nacional. Esto es, por cada 100 personas de 14 a\u00f1os o menos hay 75,8 personas de 65 a\u00f1os o m\u00e1s. Esa misma cifra a nivel nacional es 79.<\/p>\n","protected":false},"author":1,"featured_media":27752,"comment_status":"closed","ping_status":"closed","sticky":false,"template":"","format":"standard","meta":{"footnotes":""},"categories":[3687,3608,9,3842],"tags":[2118,2621,548,337,273,247,133],"class_list":["post-27749","post","type-post","status-publish","format-standard","has-post-thumbnail","hentry","category-encuestas-y-sondeos","category-estado","category-gobierno","category-politicas-publicas","tag-semanariolocal","tag-censo-2024","tag-ine","tag-informacion","tag-noticias","tag-region-de-los-lagos","tag-semanario-local"],"_links":{"self":[{"href":"https:\/\/www.semanariolocal.cl\/index.php?rest_route=\/wp\/v2\/posts\/27749","targetHints":{"allow":["GET"]}}],"collection":[{"href":"https:\/\/www.semanariolocal.cl\/index.php?rest_route=\/wp\/v2\/posts"}],"about":[{"href":"https:\/\/www.semanariolocal.cl\/index.php?rest_route=\/wp\/v2\/types\/post"}],"author":[{"embeddable":true,"href":"https:\/\/www.semanariolocal.cl\/index.php?rest_route=\/wp\/v2\/users\/1"}],"replies":[{"embeddable":true,"href":"https:\/\/www.semanariolocal.cl\/index.php?rest_route=%2Fwp%2Fv2%2Fcomments&post=27749"}],"version-history":[{"count":1,"href":"https:\/\/www.semanariolocal.cl\/index.php?rest_route=\/wp\/v2\/posts\/27749\/revisions"}],"predecessor-version":[{"id":27751,"href":"https:\/\/www.semanariolocal.cl\/index.php?rest_route=\/wp\/v2\/posts\/27749\/revisions\/27751"}],"wp:featuredmedia":[{"embeddable":true,"href":"https:\/\/www.semanariolocal.cl\/index.php?rest_route=\/wp\/v2\/media\/27752"}],"wp:attachment":[{"href":"https:\/\/www.semanariolocal.cl\/index.php?rest_route=%2Fwp%2Fv2%2Fmedia&parent=27749"}],"wp:term":[{"taxonomy":"category","embeddable":true,"href":"https:\/\/www.semanariolocal.cl\/index.php?rest_route=%2Fwp%2Fv2%2Fcategories&post=27749"},{"taxonomy":"post_tag","embeddable":true,"href":"https:\/\/www.semanariolocal.cl\/index.php?rest_route=%2Fwp%2Fv2%2Ftags&post=27749"}],"curies":[{"name":"wp","href":"https:\/\/api.w.org\/{rel}","templated":true}]}}