{"id":27745,"date":"2025-03-28T11:20:00","date_gmt":"2025-03-28T14:20:00","guid":{"rendered":"https:\/\/www.semanariolocal.cl\/?p=27745"},"modified":"2025-03-28T22:43:28","modified_gmt":"2025-03-29T01:43:28","slug":"sag-lanza-fichas-de-especies-nativas-para-promover-cuidado-de-la-sanidad-del-bosque","status":"publish","type":"post","link":"https:\/\/www.semanariolocal.cl\/?p=27745","title":{"rendered":"SAG lanza fichas de especies nativas para promover cuidado de la sanidad del bosque"},"content":{"rendered":"\n<p><strong><mark style=\"background-color:#abb8c3\" class=\"has-inline-color has-white-color\">28 de marzo del 2025.-<\/mark><\/strong> Con el objetivo de fomentar el conocimiento y la protecci\u00f3n fitosanitaria del bosque nativo, el Servicio Agr\u00edcola y Ganadero, SAG, lanz\u00f3 una serie de fichas informativas digitales sobre especies nativas de Chile. Estas publicaciones, que ser\u00e1n compartidas quincenalmente en Instagram (@sagchile), forman parte de la iniciativa SAGEduca y complementan el material did\u00e1ctico disponible en el sitio web del servicio, permitiendo que a trav\u00e9s de las redes sociales las personas conozcan las caracter\u00edsticas, h\u00e1bitat y curiosidades de muchos \u00e1rboles que son parte de nuestra riqueza natural, pero de los cuales no tenemos mucha informaci\u00f3n en un formato sencillo y amigable. La primera ficha publicada, el pasado viernes 21 de marzo en el D\u00eda Internacional de los Bosques, estuvo dedicada a la araucaria, un \u00e1rbol emblem\u00e1tico de Chile y s\u00edmbolo de la biodiversidad del pa\u00eds.<\/p>\n\n\n\n<p>Estos recursos did\u00e1cticos se enmarcan en el trabajo educativo que el SAG desarrolla hace a\u00f1os para docentes, ni\u00f1os, ni\u00f1as y sus familias, con el prop\u00f3sito de formar ciudadanos responsables y comprometidos con la protecci\u00f3n del patrimonio fitozoosanitario y los recursos naturales renovables. A trav\u00e9s de herramientas pedag\u00f3gicas y did\u00e1cticas, se busca fomentar en la infancia conocimientos, habilidades y actitudes que contribuyan al desarrollo sustentable de nuestra sociedad.<\/p>\n\n\n\n<p>Adem\u00e1s de las fichas de especies nativas, SAGEduca ofrece una amplia gama de materiales educativos disponibles en\u00a0<a href=\"http:\/\/www.sag.cl\/\" target=\"_blank\" rel=\"noreferrer noopener\">www.sag.cl<\/a>. Entre ellos destacan: el juego \u00abCuidemos nuestro bosque nativo\u00bb; el libro \u00abEl suelo vivo y las lombrices viajeras\u00bb; la serie de videos \u00abHistorias de nuestra fauna\u00bb; el libro interactivo \u00abProtejamos Nuestra Fauna Silvestre\u00bb con im\u00e1genes en realidad aumentada y \u00abEl dulce zumbido, un recorrido por el fascinante mundo de las abejas\u201d libro que trata la importancia de estos polinizadores. Estos recursos buscan acercar el conocimiento ambiental a la ciudadan\u00eda y fortalecer la conciencia sobre la importancia de conservar nuestro entorno natural. <\/p>\n","protected":false},"excerpt":{"rendered":"<p>Con esta iniciativa, el SAG reafirma su compromiso con la educaci\u00f3n en la protecci\u00f3n de la agricultura y los ecosistemas, impulsando acciones concretas para fortalecer la sanidad fitosanitaria y conservar la biodiversidad en nuestro pa\u00eds.<\/p>\n","protected":false},"author":1,"featured_media":27746,"comment_status":"closed","ping_status":"closed","sticky":false,"template":"","format":"standard","meta":{"footnotes":""},"categories":[20,3,3608,9,3845,3690,3842,3219],"tags":[2118,337,273,247,595,4030,133],"class_list":["post-27745","post","type-post","status-publish","format-standard","has-post-thumbnail","hentry","category-agro","category-al-dia","category-estado","category-gobierno","category-industria-firestal","category-medio-ambiente","category-politicas-publicas","category-recursos-maritimos","tag-semanariolocal","tag-informacion","tag-noticias","tag-region-de-los-lagos","tag-sag","tag-sageduca","tag-semanario-local"],"_links":{"self":[{"href":"https:\/\/www.semanariolocal.cl\/index.php?rest_route=\/wp\/v2\/posts\/27745","targetHints":{"allow":["GET"]}}],"collection":[{"href":"https:\/\/www.semanariolocal.cl\/index.php?rest_route=\/wp\/v2\/posts"}],"about":[{"href":"https:\/\/www.semanariolocal.cl\/index.php?rest_route=\/wp\/v2\/types\/post"}],"author":[{"embeddable":true,"href":"https:\/\/www.semanariolocal.cl\/index.php?rest_route=\/wp\/v2\/users\/1"}],"replies":[{"embeddable":true,"href":"https:\/\/www.semanariolocal.cl\/index.php?rest_route=%2Fwp%2Fv2%2Fcomments&post=27745"}],"version-history":[{"count":2,"href":"https:\/\/www.semanariolocal.cl\/index.php?rest_route=\/wp\/v2\/posts\/27745\/revisions"}],"predecessor-version":[{"id":27748,"href":"https:\/\/www.semanariolocal.cl\/index.php?rest_route=\/wp\/v2\/posts\/27745\/revisions\/27748"}],"wp:featuredmedia":[{"embeddable":true,"href":"https:\/\/www.semanariolocal.cl\/index.php?rest_route=\/wp\/v2\/media\/27746"}],"wp:attachment":[{"href":"https:\/\/www.semanariolocal.cl\/index.php?rest_route=%2Fwp%2Fv2%2Fmedia&parent=27745"}],"wp:term":[{"taxonomy":"category","embeddable":true,"href":"https:\/\/www.semanariolocal.cl\/index.php?rest_route=%2Fwp%2Fv2%2Fcategories&post=27745"},{"taxonomy":"post_tag","embeddable":true,"href":"https:\/\/www.semanariolocal.cl\/index.php?rest_route=%2Fwp%2Fv2%2Ftags&post=27745"}],"curies":[{"name":"wp","href":"https:\/\/api.w.org\/{rel}","templated":true}]}}