{"id":27740,"date":"2025-03-28T11:25:00","date_gmt":"2025-03-28T14:25:00","guid":{"rendered":"https:\/\/www.semanariolocal.cl\/?p=27740"},"modified":"2025-03-28T22:32:33","modified_gmt":"2025-03-29T01:32:33","slug":"municipio-de-san-juan-de-la-costa-sostiene-reuniones-clave-en-osorno","status":"publish","type":"post","link":"https:\/\/www.semanariolocal.cl\/?p=27740","title":{"rendered":"Municipio de San Juan de la Costa sostiene reuniones clave en Osorno"},"content":{"rendered":"\n<p><strong><mark style=\"background-color:#abb8c3\" class=\"has-inline-color has-white-color\">28 de marzo del 2025.- <\/mark><\/strong>Como parte de su gesti\u00f3n, el alcalde tambi\u00e9n realiz\u00f3 una presentaci\u00f3n protocolar ante el contralor regional, Mario Quezada, con el fin de resolver dudas sobre la administraci\u00f3n municipal y reafirmar el compromiso con la transparencia y fiscalizaci\u00f3n de la gesti\u00f3n.<\/p>\n\n\n\n<p>En el \u00e1mbito educativo, Mu\u00f1oz sostuvo un encuentro con el director regional de la Junji Los Lagos, enfoc\u00e1ndose en el fortalecimiento de la educaci\u00f3n preescolar a trav\u00e9s de programas de mejoramiento de la infancia y niveles NB1 y NB2 (Prek\u00ednder y K\u00ednder). \u00bb He participado de la Mesa intersectorial de la Infancia, que se ha llevado a cabo en la comuna, hemos conversado con el director regional de la Junji, que va concurrir a la comuna, y evaluar un tema que le he planteado que es fortalecer la educaci\u00f3n parvularia. La infancia es una prioridad para nuestra gesti\u00f3n, por lo que agendamos la visita del director regional de JUNJI a la comuna para evaluar mejoras en la educaci\u00f3n preescolar\u00bb, explic\u00f3 el alcalde.<\/p>\n\n\n\n<p>Por su parte, el director de la Junji Los Lagos, Carlos Cea, explic\u00f3 que \u201csostuvimos una reuni\u00f3n de trabajo clave para proyectar acciones concretas en la comuna. Nuestro objetivo es generar inversiones a corto plazo y avanzar en el dise\u00f1o de un jard\u00edn infantil de administraci\u00f3n directa de JUNJI en la comuna. Adem\u00e1s, buscamos implementar iniciativas que impacten positivamente a las familias y fortalezcan la calidad de la educaci\u00f3n en los distintos sectores. Como parte de este compromiso, hemos acordado realizar una reuni\u00f3n el 8 de abril con las comunidades, el equipo municipal y JUNJI, para concretar estas acciones tanto en el corto plazo como en los a\u00f1os 2025 y 2026.\u201d<\/p>\n\n\n\n<p><strong>IPS Los Lagos<\/strong><\/p>\n\n\n\n<p>En reuni\u00f3n con el director regional Instituto de Previsi\u00f3n Social (IPS) regi\u00f3n de Los Lagos, se abord\u00f3 la descentralizaci\u00f3n de tr\u00e1mites previsionales mediante la capacitaci\u00f3n de funcionarios municipales. Esto permitir\u00e1 que los habitantes de Puaucho y Misi\u00f3n San Juan puedan realizar hasta 20 tipos de tr\u00e1mites sin necesidad de trasladarse a Osorno. \u00abQueremos acercar estos servicios a la gente, con atenciones in situ y programas de atenci\u00f3n m\u00f3vil en conjunto con el IPS\u00bb, concluy\u00f3 el alcalde.<\/p>\n\n\n\n<p>En tanto, \u201cvamos a pasar de atender una vez al mes en nuestro m\u00f3vil a atender de lunes a viernes y durante todo el a\u00f1o, dado que este proyecto de punto virtual municipal donde tendremos funcionarios municipales en Puaucho y en Misi\u00f3n San Juan, atendiendo y conectando a trav\u00e9s de videollamadas con equipo municipal y usuarios, de manera tal que se pueda hacer muchos tr\u00e1mites que son importantes, tambi\u00e9n coordinando el trabajo del a\u00f1o y la visita del m\u00f3vil a determinados circuitos para que las personas puedan ser acercadas al estado y hacer los tramites directamente en cada uno de estos sectores\u201d, explic\u00f3 Marcelo \u00c1lvarez, director del IPS Los Lagos.<\/p>\n\n\n\n<p>Estas gestiones reflejan el compromiso del municipio con la mejora de la calidad de vida de los habitantes de San Juan de la Costa, abordando las brechas territoriales y fortaleciendo los servicios esenciales de la comuna.<\/p>\n","protected":false},"excerpt":{"rendered":"<p>El alcalde de San Juan de la Costa, Jos\u00e9 Luis Mu\u00f1oz, sostuvo diversas reuniones en la capital regional de Puerto Montt, enfocadas en mejorar la asistencia social y la educaci\u00f3n en la comuna. <\/p>\n","protected":false},"author":1,"featured_media":27741,"comment_status":"closed","ping_status":"closed","sticky":false,"template":"","format":"standard","meta":{"footnotes":""},"categories":[3,8,11,2484],"tags":[2118,4029,337,3551,273,247,136,133],"class_list":["post-27740","post","type-post","status-publish","format-standard","has-post-thumbnail","hentry","category-al-dia","category-comunas","category-educacion","category-salud","tag-semanariolocal","tag-alcalde","tag-informacion","tag-jose-luis-munoz-2","tag-noticias","tag-region-de-los-lagos","tag-san-juan-de-la-costa","tag-semanario-local"],"_links":{"self":[{"href":"https:\/\/www.semanariolocal.cl\/index.php?rest_route=\/wp\/v2\/posts\/27740","targetHints":{"allow":["GET"]}}],"collection":[{"href":"https:\/\/www.semanariolocal.cl\/index.php?rest_route=\/wp\/v2\/posts"}],"about":[{"href":"https:\/\/www.semanariolocal.cl\/index.php?rest_route=\/wp\/v2\/types\/post"}],"author":[{"embeddable":true,"href":"https:\/\/www.semanariolocal.cl\/index.php?rest_route=\/wp\/v2\/users\/1"}],"replies":[{"embeddable":true,"href":"https:\/\/www.semanariolocal.cl\/index.php?rest_route=%2Fwp%2Fv2%2Fcomments&post=27740"}],"version-history":[{"count":2,"href":"https:\/\/www.semanariolocal.cl\/index.php?rest_route=\/wp\/v2\/posts\/27740\/revisions"}],"predecessor-version":[{"id":27744,"href":"https:\/\/www.semanariolocal.cl\/index.php?rest_route=\/wp\/v2\/posts\/27740\/revisions\/27744"}],"wp:featuredmedia":[{"embeddable":true,"href":"https:\/\/www.semanariolocal.cl\/index.php?rest_route=\/wp\/v2\/media\/27741"}],"wp:attachment":[{"href":"https:\/\/www.semanariolocal.cl\/index.php?rest_route=%2Fwp%2Fv2%2Fmedia&parent=27740"}],"wp:term":[{"taxonomy":"category","embeddable":true,"href":"https:\/\/www.semanariolocal.cl\/index.php?rest_route=%2Fwp%2Fv2%2Fcategories&post=27740"},{"taxonomy":"post_tag","embeddable":true,"href":"https:\/\/www.semanariolocal.cl\/index.php?rest_route=%2Fwp%2Fv2%2Ftags&post=27740"}],"curies":[{"name":"wp","href":"https:\/\/api.w.org\/{rel}","templated":true}]}}