{"id":27724,"date":"2025-03-27T11:08:00","date_gmt":"2025-03-27T14:08:00","guid":{"rendered":"https:\/\/www.semanariolocal.cl\/?p=27724"},"modified":"2025-03-27T23:12:45","modified_gmt":"2025-03-28T02:12:45","slug":"comunicacion-y-carne-in-vitro-el-estudio-de-percepcion-que-aporta-al-debate","status":"publish","type":"post","link":"https:\/\/www.semanariolocal.cl\/?p=27724","title":{"rendered":"Comunicaci\u00f3n y carne in-vitro: el estudio de percepci\u00f3n que aporta al debate"},"content":{"rendered":"\n<p><strong><mark style=\"background-color:#abb8c3\" class=\"has-inline-color has-white-color\">27 de Marzo del 2025.- <\/mark><\/strong> La carne cultivada, o carne in-vitro, producida en laboratorio a partir de c\u00e9lulas animales se presenta como una alternativa con menor impacto ambiental ni sufrimiento animal a la carne convencional. Si bien la carne cultivada ya se puede encontrar en algunos lugares, tales como Singapur y en algunos restoranes en EEUU, su inserci\u00f3n en el mercado global depende de que tan dispuestos est\u00e1n futuros consumidores a probarla. En efecto, la aceptaci\u00f3n de la carne cultivada var\u00eda significativamente entre consumidores y depende en gran medida de la percepci\u00f3n p\u00fablica, muchas veces afectada por la desconfianza a lo desconocido o lo considerado \u201cpoco natural\u201d.<\/p>\n\n\n\n<p>En este contexto, un estudio en el que particip\u00f3 el acad\u00e9mico del&nbsp;<a href=\"https:\/\/www.uoh.cl\/instituto-de-ciencias-sociales\/\" target=\"_blank\" rel=\"noreferrer noopener\">Instituto de Ciencias Sociales<\/a>&nbsp;de la&nbsp;<a href=\"https:\/\/www.uoh.cl\/\" target=\"_blank\" rel=\"noreferrer noopener\">Universidad de O\u2019Higgins<\/a>&nbsp;(ICSo-UOH),&nbsp;<a href=\"https:\/\/www.uoh.cl\/investigacion\/academico\/gonzalo-palomo\/\" target=\"_blank\" rel=\"noreferrer noopener\">Gonzalo Palomo V\u00e9lez<\/a>, revela que comunicaciones que enfatizan los da\u00f1os ambientales, el impacto en el bienestar animal y la falta de naturalidad de la carne convencional influyen en la aceptaci\u00f3n de la carne cultivada.<\/p>\n\n\n\n<p><strong>Percepciones asim\u00e9tricas<\/strong><\/p>\n\n\n\n<p>Palomo-V\u00e9lez asegura que los mensajes m\u00e1s influyentes en la preferencia de los consumidores por la carne in-vitro fueron aquellos que enfatizaron el impacto ambiental y el sufrimiento animal en la producci\u00f3n de carne convencional, \u201cresultando ser m\u00e1s efectivos en el aumento de la intenci\u00f3n de compra de carne cultivada\u201d. Adem\u00e1s, el investigador explica que estos mensajes no redujeron el atractivo de la carne convencional, lo que sugiere que su impacto es asim\u00e9trico, mejorando percepciones de estas nuevas prote\u00ednas animales sin afectar las creencias asociadas a prote\u00ednas animales convencionales.<\/p>\n\n\n\n<p><strong>Ciencia y comunicaci\u00f3n<\/strong><\/p>\n\n\n\n<p>El experto indica que las estrategias comunicacionales aplicadas en el estudio fueron centrales en el cambio de preferencias. \u201cLa clave de nuestro estudio consisti\u00f3 en destacar los problemas de la carne convencional y, a la vez, ofrecer la carne cultivada como una soluci\u00f3n \u00e9tica y ambientalmente responsable\u201d.<\/p>\n\n\n\n<p>El investigador agrega que la incorporaci\u00f3n de evidencia cient\u00edfica en los mensajes tambi\u00e9n jug\u00f3 un papel preponderante en este cambio de percepci\u00f3n de carne cultivada, toda vez que fortaleci\u00f3 la capacidad argumentativa de las comunicaciones que alud\u00edan a los efectos negativos de la industria c\u00e1rnica tradicional.<\/p>\n\n\n\n<p>\u201cLa inclusi\u00f3n de mensajes que explicaron el proceso natural de crecimiento celular de la carne cultivada, similar a la regeneraci\u00f3n de tejidos, y el respaldo cient\u00edfico en t\u00e9rminos de seguridad y nutrici\u00f3n, generaron probablemente mayor confianza y aceptaci\u00f3n en el consumidor, con lo cual se resalt\u00f3 la importancia de saber comunicar la informaci\u00f3n\u201d.<\/p>\n\n\n\n<p><strong>Debate sostenible<\/strong><\/p>\n\n\n\n<p>El acad\u00e9mico explica que la elaboraci\u00f3n de los mensajes sobre las propiedades de la carne cultivada implic\u00f3 la comprensi\u00f3n de que la crisis clim\u00e1tica y el bienestar animal son temas presentes en el debate p\u00fablico, as\u00ed como podr\u00eda ser la discusi\u00f3n acerca de producir este tipo de carne a gran escala.<\/p>\n\n\n\n<p>Sostiene que estos hallazgos en materia de percepci\u00f3n sobre el consumo de carne in-vitro, tienen implicaciones directas en la promoci\u00f3n de nuevas fuentes de prote\u00ednas animales, as\u00ed como para la protecci\u00f3n del medio ambiente y el bienestar animal. Destaca igualmente la necesidad de seguir explorando estrategias comunicacionales efectivas que suministren datos relevantes que contribuyan con iniciativas sostenibles a largo plazo.<\/p>\n\n\n\n<p>\u201cComunicar la carne cultivada y su aceptaci\u00f3n como alternativa sustituta de la carne convencional podr\u00eda jugar un papel crucial en la reducci\u00f3n del impacto ambiental de la industria alimentaria. La pregunta importante es: \u00bfEstamos listos para cambiar nuestra percepci\u00f3n y as\u00ed darle paso a una innovaci\u00f3n que podr\u00eda cambiar el futuro alimentario?\u201d.<\/p>\n\n\n\n<p>Conozca aqu\u00ed todos los detalles del estudio&nbsp;<a href=\"https:\/\/www.emerald.com\/insight\/content\/doi\/10.1108\/bfj-07-2024-0767\/full\/html\" target=\"_blank\" rel=\"noreferrer noopener\">\u201cCultivando el cambio: estrategias persuasivas de contra-mensajes para fomentar la aceptaci\u00f3n de la carne cultivada por parte de los consumidores\u201d<\/a>.<\/p>\n","protected":false},"excerpt":{"rendered":"<p>La investigaci\u00f3n revela que enfatizar impactos negativos de la carne convencional influye en c\u00f3mo de dispuestos est\u00e1n los consumidores a comprar nuevas prote\u00ednas animales cuyo impacto ambiental es menor y que evitan el sufrimiento animal.<\/p>\n","protected":false},"author":1,"featured_media":27725,"comment_status":"closed","ping_status":"closed","sticky":false,"template":"","format":"standard","meta":{"footnotes":""},"categories":[3,3558],"tags":[2118,337,273,132,247,133,2105,176],"class_list":["post-27724","post","type-post","status-publish","format-standard","has-post-thumbnail","hentry","category-al-dia","category-cronica","tag-semanariolocal","tag-informacion","tag-noticias","tag-osorno","tag-region-de-los-lagos","tag-semanario-local","tag-universidad-bernardo-ohiggins","tag-uoh"],"_links":{"self":[{"href":"https:\/\/www.semanariolocal.cl\/index.php?rest_route=\/wp\/v2\/posts\/27724","targetHints":{"allow":["GET"]}}],"collection":[{"href":"https:\/\/www.semanariolocal.cl\/index.php?rest_route=\/wp\/v2\/posts"}],"about":[{"href":"https:\/\/www.semanariolocal.cl\/index.php?rest_route=\/wp\/v2\/types\/post"}],"author":[{"embeddable":true,"href":"https:\/\/www.semanariolocal.cl\/index.php?rest_route=\/wp\/v2\/users\/1"}],"replies":[{"embeddable":true,"href":"https:\/\/www.semanariolocal.cl\/index.php?rest_route=%2Fwp%2Fv2%2Fcomments&post=27724"}],"version-history":[{"count":1,"href":"https:\/\/www.semanariolocal.cl\/index.php?rest_route=\/wp\/v2\/posts\/27724\/revisions"}],"predecessor-version":[{"id":27726,"href":"https:\/\/www.semanariolocal.cl\/index.php?rest_route=\/wp\/v2\/posts\/27724\/revisions\/27726"}],"wp:featuredmedia":[{"embeddable":true,"href":"https:\/\/www.semanariolocal.cl\/index.php?rest_route=\/wp\/v2\/media\/27725"}],"wp:attachment":[{"href":"https:\/\/www.semanariolocal.cl\/index.php?rest_route=%2Fwp%2Fv2%2Fmedia&parent=27724"}],"wp:term":[{"taxonomy":"category","embeddable":true,"href":"https:\/\/www.semanariolocal.cl\/index.php?rest_route=%2Fwp%2Fv2%2Fcategories&post=27724"},{"taxonomy":"post_tag","embeddable":true,"href":"https:\/\/www.semanariolocal.cl\/index.php?rest_route=%2Fwp%2Fv2%2Ftags&post=27724"}],"curies":[{"name":"wp","href":"https:\/\/api.w.org\/{rel}","templated":true}]}}