{"id":27721,"date":"2025-03-27T08:00:00","date_gmt":"2025-03-27T11:00:00","guid":{"rendered":"https:\/\/www.semanariolocal.cl\/?p=27721"},"modified":"2025-03-27T10:35:32","modified_gmt":"2025-03-27T13:35:32","slug":"gobernadores-del-sur-austral-se-reunen-en-chaiten-para-impulsar-la-ampliacion-de-la-ruta-7","status":"publish","type":"post","link":"https:\/\/www.semanariolocal.cl\/?p=27721","title":{"rendered":"Gobernadores del Sur Austral se re\u00fanen en Chait\u00e9n para impulsar la ampliaci\u00f3n de la Ruta 7"},"content":{"rendered":"\n<p><strong><mark style=\"background-color:#abb8c3\" class=\"has-inline-color has-white-color\">27 de marzo del 2025.- <\/mark><\/strong>Los gobernadores de las regiones de Ays\u00e9n, Magallanes y Los Lagos viajar\u00e1n hasta la comuna de Chait\u00e9n para evaluar los avances del Mega Proyecto de ampliaci\u00f3n de la Ruta 7, una de las iniciativas de conectividad m\u00e1s relevantes impulsadas por el Ministerio de Obras P\u00fablicas (MOP) a nivel nacional.<\/p>\n\n\n\n<p>El encuentro, que se llevar\u00e1 a cabo el jueves 27 de marzo, marcar\u00e1 un hito en la agenda de trabajo coordinada entre las autoridades regionales, quienes buscan fortalecer la conectividad en el sur de Chile y fomentar el desarrollo econ\u00f3mico de la zona. La jornada incluir\u00e1 una presentaci\u00f3n del MOP sobre el estado actual del proyecto y una visita a Caleta Gonzalo para conocer en terreno los avances de esta esperada infraestructura.<\/p>\n\n\n\n<p>El gobernador de Los Lagos, Alejandro Santana, destac\u00f3 la relevancia de esta cita: \u201cEs un hito que los tres gobernadores del sur-austral de Chile tengamos un objetivo com\u00fan: fortalecer la conectividad interna del pa\u00eds y generar nuevas oportunidades de desarrollo. Queremos transmitir al gobierno central la importancia de este proyecto y el inter\u00e9s del sector privado en una carretera concesionada. Esperamos que el MOP se comprometa y respalde esta iniciativa, acerc\u00e1ndonos a hacerla realidad\u201d.<\/p>\n\n\n\n<p>Por su parte, el gobernador de Ays\u00e9n, Marcelo Santana, subray\u00f3 la necesidad de una infraestructura acorde a los desaf\u00edos actuales: \u201cLas regiones m\u00e1s extremas del sur de Chile requieren con urgencia una mejor conectividad terrestre, mar\u00edtima y lacustre. Este encuentro es clave para definir prioridades y avanzar en un plan integral que garantice un transporte eficiente de carga y pasajeros. Como gobiernos regionales, estamos llamados a liderar estos cambios y aunar esfuerzos en pol\u00edticas de conectividad para el desarrollo de nuestras regiones\u201d.<\/p>\n\n\n\n<p>Adem\u00e1s de fortalecer la conexi\u00f3n entre las regiones australes, la ampliaci\u00f3n de la Ruta 7 tambi\u00e9n favorecer\u00e1 el transporte a trav\u00e9s del territorio argentino, mejorando la comunicaci\u00f3n terrestre entre distintas zonas del pa\u00eds.<\/p>\n\n\n\n<p>Con esta reuni\u00f3n, los gobernadores refuerzan su compromiso con la conectividad y esperan generar avances concretos en la materializaci\u00f3n de esta esperada obra.<\/p>\n","protected":false},"excerpt":{"rendered":"<p>El encuentro, que se llevar\u00e1 a cabo hoy jueves 27 de marzo, marcar\u00e1 un hito en la agenda de trabajo coordinada entre las autoridades regionales<\/p>\n","protected":false},"author":1,"featured_media":27722,"comment_status":"closed","ping_status":"closed","sticky":false,"template":"","format":"standard","meta":{"footnotes":""},"categories":[3,8,3608,9,2483],"tags":[2118,337,273,247,133],"class_list":["post-27721","post","type-post","status-publish","format-standard","has-post-thumbnail","hentry","category-al-dia","category-comunas","category-estado","category-gobierno","category-region","tag-semanariolocal","tag-informacion","tag-noticias","tag-region-de-los-lagos","tag-semanario-local"],"_links":{"self":[{"href":"https:\/\/www.semanariolocal.cl\/index.php?rest_route=\/wp\/v2\/posts\/27721","targetHints":{"allow":["GET"]}}],"collection":[{"href":"https:\/\/www.semanariolocal.cl\/index.php?rest_route=\/wp\/v2\/posts"}],"about":[{"href":"https:\/\/www.semanariolocal.cl\/index.php?rest_route=\/wp\/v2\/types\/post"}],"author":[{"embeddable":true,"href":"https:\/\/www.semanariolocal.cl\/index.php?rest_route=\/wp\/v2\/users\/1"}],"replies":[{"embeddable":true,"href":"https:\/\/www.semanariolocal.cl\/index.php?rest_route=%2Fwp%2Fv2%2Fcomments&post=27721"}],"version-history":[{"count":1,"href":"https:\/\/www.semanariolocal.cl\/index.php?rest_route=\/wp\/v2\/posts\/27721\/revisions"}],"predecessor-version":[{"id":27723,"href":"https:\/\/www.semanariolocal.cl\/index.php?rest_route=\/wp\/v2\/posts\/27721\/revisions\/27723"}],"wp:featuredmedia":[{"embeddable":true,"href":"https:\/\/www.semanariolocal.cl\/index.php?rest_route=\/wp\/v2\/media\/27722"}],"wp:attachment":[{"href":"https:\/\/www.semanariolocal.cl\/index.php?rest_route=%2Fwp%2Fv2%2Fmedia&parent=27721"}],"wp:term":[{"taxonomy":"category","embeddable":true,"href":"https:\/\/www.semanariolocal.cl\/index.php?rest_route=%2Fwp%2Fv2%2Fcategories&post=27721"},{"taxonomy":"post_tag","embeddable":true,"href":"https:\/\/www.semanariolocal.cl\/index.php?rest_route=%2Fwp%2Fv2%2Ftags&post=27721"}],"curies":[{"name":"wp","href":"https:\/\/api.w.org\/{rel}","templated":true}]}}