{"id":27667,"date":"2025-03-25T11:33:20","date_gmt":"2025-03-25T14:33:20","guid":{"rendered":"https:\/\/www.semanariolocal.cl\/?p=27667"},"modified":"2025-03-25T11:34:37","modified_gmt":"2025-03-25T14:34:37","slug":"dia-mundial-del-clima-nuevos-habitos-resultados-distintos","status":"publish","type":"post","link":"https:\/\/www.semanariolocal.cl\/?p=27667","title":{"rendered":"D\u00eda Mundial del Clima: nuevos h\u00e1bitos, resultados distintos"},"content":{"rendered":"\n<p><strong><mark style=\"background-color:#abb8c3\" class=\"has-inline-color has-white-color\">25 de Marzo del 2025.-<\/mark><\/strong> Inundaciones, fuertes vientos, nevazones atemporales y aumento constante de las temperaturas son algunos de los fen\u00f3menos que se han repetido constantemente en los \u00faltimos 5 a\u00f1os, haci\u00e9ndose cada vez m\u00e1s habituales. Es parte del cambio clim\u00e1tico y sus consecuencias, algo con que Chile -y el mundo entero- debe lidiar, y que -adem\u00e1s- debe adaptarse en la forma de predecir aquellos sucesos catastr\u00f3ficos que afecten a las comunidades.<\/p>\n\n\n\n<p>\u201cUno de los problemas de trasfondo que tiene el cambio clim\u00e1tico antropog\u00e9nico es la escala de tiempo a la cual sucede. En t\u00e9rminos pr\u00e1cticos, a los seres humanos nos impactan de manera directa los eventos que ocurrir\u00e1n en un lapso cercano, es decir, nos interesa la meteorolog\u00eda\u201d, explica el acad\u00e9mico del&nbsp;<a href=\"https:\/\/www.uoh.cl\/instituto-de-ciencias-de-la-ingenieria\/\" target=\"_blank\" rel=\"noreferrer noopener\">Instituto de Ciencias de la Ingenier\u00eda<\/a>&nbsp;de la&nbsp;<a href=\"http:\/\/www.uoh.cl\/\" target=\"_blank\" rel=\"noreferrer noopener\">Universidad de O\u2019Higgins<\/a>&nbsp;(UOH) e investigador del&nbsp;<a href=\"http:\/\/www.cr2.cl\/\" target=\"_blank\" rel=\"noreferrer noopener\">CR2<\/a>,&nbsp;<a href=\"https:\/\/www.uoh.cl\/investigacion\/academico\/raul-valenzuela\/\" target=\"_blank\" rel=\"noreferrer noopener\">Ra\u00fal Valenzuela<\/a>.<\/p>\n\n\n\n<p>El clima -por el contrario- tiene que ver con patrones en la atm\u00f3sfera que son de largo plazo, explica el experto. \u201cLo m\u00e1s familiar y que experimentamos todos los a\u00f1os es el cambio de estaci\u00f3n, toma 3 meses en ocurrir y es f\u00e1cil de anticipar. Luego hay cambios que ocurren en periodos de 2 a 6 a\u00f1os, como el Fen\u00f3meno de El Ni\u00f1o, y otros mucho m\u00e1s largos, entre 20 y 30 a\u00f1os, como la Oscilaci\u00f3n Decadal del Pac\u00edfico. Dichos cambios, son parte de la variaci\u00f3n natural del clima y se basan en la traslaci\u00f3n de la Tierra alrededor del sol o bien en variaciones de la temperatura del oc\u00e9ano y la circulaci\u00f3n de la atm\u00f3sfera\u201d, a\u00f1ade.<\/p>\n\n\n\n<p>El experto recuerda que el cambio clim\u00e1tico antropog\u00e9nico se basa en la cantidad de emisiones de gases de efecto invernadero (e.g. di\u00f3xido de carbono, metano) que se emiten producto de las actividades econ\u00f3micas del ser humano. \u201cEstos gases producen un desbalance en la energ\u00eda que retiene la Tierra, lo que a su vez produce una serie de cambios atmosf\u00e9ricos, oce\u00e1nicos y ecol\u00f3gicos. El efecto m\u00e1s inmediato es el aumento de la temperatura del aire a nivel global. Al alterar las corrientes de aire atmosf\u00e9ricas, tanto en su intensidad como ubicaci\u00f3n, tambi\u00e9n se producen alteraciones en los patrones de lluvia\u201d, explica el Doctor en Ciencias Atmosf\u00e9ricas.<\/p>\n\n\n\n<p>Y ah\u00ed est\u00e1 el desaf\u00edo m\u00e1s grande, agrega. \u201cEl cambio clim\u00e1tico antropog\u00e9nico produce un cambio lento en el total de lluvia que recibe la zona central de Chile. Hay una peque\u00f1a fracci\u00f3n todos los a\u00f1os que est\u00e1 ausente, lo que a final de siglo nos lleva a condiciones importantes de sequ\u00eda. Sin embargo, tambi\u00e9n es responsable que, en algunos a\u00f1os, no sabemos cu\u00e1les, se produzcan tormentas que dejen el equivalente a 1\/3 o 1\/4 de la lluvia anual en tan solo d\u00edas, y en el peor de los casos horas\u201d.<\/p>\n\n\n\n<p>El investigador puntualiza que este patr\u00f3n implica un fuerte compromiso con la planificaci\u00f3n de largo plazo, tanto para condiciones cada vez m\u00e1s secas como para d\u00edas en que caer\u00e1 un diluvio en algunas zonas del pa\u00eds.<\/p>\n\n\n\n<p><strong>Tecnolog\u00eda y ordenamiento<\/strong><\/p>\n\n\n\n<p>Contar con mayor y mejor tecnolog\u00eda que pueda prever eventos de clima extremos es para Ra\u00fal Valenzuela: \u201cimportante pero no suficiente\u201d. Detalla que debemos propiciar un ordenamiento territorial que permita minimizar los impactos de lluvias torrenciales, -por ejemplo- con pol\u00edticas que desincentiven la colocaci\u00f3n de viviendas cerca de cauces de r\u00edos. \u201cLa implementaci\u00f3n de nueva y moderna instrumentaci\u00f3n luego se suma a los esfuerzos en pol\u00edtica p\u00fablica. Por ejemplo, una red de radares meteorol\u00f3gicos ayudar\u00eda al seguimiento de fen\u00f3menos para respuestas tempranas ante emergencias. Como dicta el adagio: lo que no se mide no se gestiona\u201d.<\/p>\n\n\n\n<p>El acad\u00e9mico explica que un ejemplo interesante es el caso de remociones en masa, que dependen de la intensidad de la lluvia. \u201cContar hoy solamente con estaciones meteorol\u00f3gicas para el monitoreo de la intensidad de lluvia hace que estemos ciegos en muchos lugares donde las lluvias se intensifican localmente, especialmente hacia la cordillera, y donde se puedan gatillar remociones en masa o aluviones\u201d, se\u00f1ala.<\/p>\n\n\n\n<p><strong>Rol del Estado y educaci\u00f3n<\/strong><\/p>\n\n\n\n<p>Valenzuela resalta que el aporte del Estado es importante, \u201cpuesto que genera el marco legal para determinadas acciones humanas y es el que promueve pol\u00edticas que ayudan a reducir el riesgo ante desastres socio-naturales\u201d. Agrega que la educaci\u00f3n en temas clim\u00e1ticos y meteorol\u00f3gicos es fundamental tambi\u00e9n. \u201cPara las generaciones actuales y futuras deber\u00eda ser familiar hablar sobre qu\u00e9 es y c\u00f3mo funciona el clima, al menos en sus aspectos b\u00e1sicos, similar a hablar sobre las regiones del pa\u00eds, la anatom\u00eda del cuerpo humano o el sistema solar\u201d, finaliza.<\/p>\n","protected":false},"excerpt":{"rendered":"<p>El cambio clim\u00e1tico transforma el paradigma para la ciencia del clima y Chile requiere ponerse a tono con los nuevos desaf\u00edos.<\/p>\n","protected":false},"author":1,"featured_media":27668,"comment_status":"closed","ping_status":"closed","sticky":false,"template":"","format":"standard","meta":{"footnotes":""},"categories":[3302,3,3558,2496],"tags":[2118,77,337,273,247,133,2105,176],"class_list":["post-27667","post","type-post","status-publish","format-standard","has-post-thumbnail","hentry","category-academia","category-al-dia","category-cronica","category-nacional","tag-semanariolocal","tag-educacion","tag-informacion","tag-noticias","tag-region-de-los-lagos","tag-semanario-local","tag-universidad-bernardo-ohiggins","tag-uoh"],"_links":{"self":[{"href":"https:\/\/www.semanariolocal.cl\/index.php?rest_route=\/wp\/v2\/posts\/27667","targetHints":{"allow":["GET"]}}],"collection":[{"href":"https:\/\/www.semanariolocal.cl\/index.php?rest_route=\/wp\/v2\/posts"}],"about":[{"href":"https:\/\/www.semanariolocal.cl\/index.php?rest_route=\/wp\/v2\/types\/post"}],"author":[{"embeddable":true,"href":"https:\/\/www.semanariolocal.cl\/index.php?rest_route=\/wp\/v2\/users\/1"}],"replies":[{"embeddable":true,"href":"https:\/\/www.semanariolocal.cl\/index.php?rest_route=%2Fwp%2Fv2%2Fcomments&post=27667"}],"version-history":[{"count":1,"href":"https:\/\/www.semanariolocal.cl\/index.php?rest_route=\/wp\/v2\/posts\/27667\/revisions"}],"predecessor-version":[{"id":27669,"href":"https:\/\/www.semanariolocal.cl\/index.php?rest_route=\/wp\/v2\/posts\/27667\/revisions\/27669"}],"wp:featuredmedia":[{"embeddable":true,"href":"https:\/\/www.semanariolocal.cl\/index.php?rest_route=\/wp\/v2\/media\/27668"}],"wp:attachment":[{"href":"https:\/\/www.semanariolocal.cl\/index.php?rest_route=%2Fwp%2Fv2%2Fmedia&parent=27667"}],"wp:term":[{"taxonomy":"category","embeddable":true,"href":"https:\/\/www.semanariolocal.cl\/index.php?rest_route=%2Fwp%2Fv2%2Fcategories&post=27667"},{"taxonomy":"post_tag","embeddable":true,"href":"https:\/\/www.semanariolocal.cl\/index.php?rest_route=%2Fwp%2Fv2%2Ftags&post=27667"}],"curies":[{"name":"wp","href":"https:\/\/api.w.org\/{rel}","templated":true}]}}