{"id":27614,"date":"2025-03-23T11:42:24","date_gmt":"2025-03-23T14:42:24","guid":{"rendered":"https:\/\/www.semanariolocal.cl\/?p=27614"},"modified":"2025-03-24T11:45:34","modified_gmt":"2025-03-24T14:45:34","slug":"escuchemos-la-voz-de-las-mujeres-con-discapacidad-intelectual","status":"publish","type":"post","link":"https:\/\/www.semanariolocal.cl\/?p=27614","title":{"rendered":"Escuchemos la voz de las mujeres con discapacidad intelectual"},"content":{"rendered":"\n<p><strong><mark style=\"background-color:#abb8c3\" class=\"has-inline-color has-white-color\">23 de Marzo del 2025.- <\/mark><\/strong>Sin embargo, las mujeres con discapacidad intelectual viven constantemente esa \u201cimpermeabilizaci\u00f3n social\u201d. Es decir, nos hacemos impermeables a sus necesidades, aportes<\/p>\n\n\n\n<p>y derechos. Pareciera que existe un empe\u00f1o por romantizar la vida y la existencia de estas mujeres, dejando de visibilizar sus necesidades reales. Seguimos creyendo que son eternas ni\u00f1as, priv\u00e1ndoles de autonom\u00eda por miedos o prejuicios.<\/p>\n\n\n\n<p>Y es que este colectivo vive una doble discriminaci\u00f3n: ser mujer y tener discapacidad. Y eso afecta sus rutinas diarias, una real inclusi\u00f3n y la garant\u00eda de sus derechos.<\/p>\n\n\n\n<p>Hoy premiamos a mujeres destacadas, felicitamos los aportes en la ciencia y relevamos el rol activo femenino en diversos \u00e1mbitos. \u00bfCu\u00e1ntas oportunidades de contribuir tienen las mujeres con discapacidad intelectual? \u00bfCu\u00e1ntas veces se gestan los espacios para que sean l\u00edderes, para que gu\u00eden a alguien, para que ense\u00f1en desde su enorme sabidur\u00eda?<\/p>\n\n\n\n<p>Nos perdemos de grandes l\u00edderes, de mujeres que quieren marcar la historia, como tambi\u00e9n lo fueron en nuestro pa\u00eds Carmela Carvajal, Gabriela Mistral y Javiera Carrera, \u00bfpor qu\u00e9 no estamos atentos ni abiertos a sus contribuciones?<\/p>\n\n\n\n<p>Actualmente se da un gran valor al rol activo de la mujer, hemos ido avanzando en paridad y en emparejar la cancha; sin embargo, continuamos obsoletos en la validaci\u00f3n de las mujeres con discapacidad intelectual. Un ejemplo de esto es que a\u00fan les es muy dif\u00edcil tener la posibilidad de tener pareja, relaciones sexuales, vivir de manera independiente como contribuir en empresas.<\/p>\n\n\n\n<p>Y aunque existen iniciativas que dan esos espacios, esto en ning\u00fan caso compensa el cambio de mirada que debemos hacer como sociedad. Las mujeres con discapacidad intelectual pueden pensar libremente, decidir y recibir apoyos cuando sea pertinente. Solo nos falta o\u00edr su voz, atender sus propuestas y abrirnos al valioso aporte que pueden entregar a la sociedad.<\/p>\n\n\n\n<p><strong>Paulina Varas Directora del Diplomado en Salud Mental y Bienestar de Personas con Discapacidad Intelectual.<\/strong><\/p>\n\n\n\n<p><\/p>\n","protected":false},"excerpt":{"rendered":"<p>En marzo se conmemora el mes de la mujer, y los medios y las habituales conversaciones se repletan de la visibilizaci\u00f3n de los derechos femeninos.<\/p>\n","protected":false},"author":1,"featured_media":27615,"comment_status":"closed","ping_status":"closed","sticky":false,"template":"","format":"standard","meta":{"footnotes":""},"categories":[3,3750,3265,2484],"tags":[2118,337,885,273,3998,247,133],"class_list":["post-27614","post","type-post","status-publish","format-standard","has-post-thumbnail","hentry","category-al-dia","category-mujer-y-belleza","category-psicologia","category-salud","tag-semanariolocal","tag-informacion","tag-mujer","tag-noticias","tag-paulina-varas","tag-region-de-los-lagos","tag-semanario-local"],"_links":{"self":[{"href":"https:\/\/www.semanariolocal.cl\/index.php?rest_route=\/wp\/v2\/posts\/27614","targetHints":{"allow":["GET"]}}],"collection":[{"href":"https:\/\/www.semanariolocal.cl\/index.php?rest_route=\/wp\/v2\/posts"}],"about":[{"href":"https:\/\/www.semanariolocal.cl\/index.php?rest_route=\/wp\/v2\/types\/post"}],"author":[{"embeddable":true,"href":"https:\/\/www.semanariolocal.cl\/index.php?rest_route=\/wp\/v2\/users\/1"}],"replies":[{"embeddable":true,"href":"https:\/\/www.semanariolocal.cl\/index.php?rest_route=%2Fwp%2Fv2%2Fcomments&post=27614"}],"version-history":[{"count":1,"href":"https:\/\/www.semanariolocal.cl\/index.php?rest_route=\/wp\/v2\/posts\/27614\/revisions"}],"predecessor-version":[{"id":27616,"href":"https:\/\/www.semanariolocal.cl\/index.php?rest_route=\/wp\/v2\/posts\/27614\/revisions\/27616"}],"wp:featuredmedia":[{"embeddable":true,"href":"https:\/\/www.semanariolocal.cl\/index.php?rest_route=\/wp\/v2\/media\/27615"}],"wp:attachment":[{"href":"https:\/\/www.semanariolocal.cl\/index.php?rest_route=%2Fwp%2Fv2%2Fmedia&parent=27614"}],"wp:term":[{"taxonomy":"category","embeddable":true,"href":"https:\/\/www.semanariolocal.cl\/index.php?rest_route=%2Fwp%2Fv2%2Fcategories&post=27614"},{"taxonomy":"post_tag","embeddable":true,"href":"https:\/\/www.semanariolocal.cl\/index.php?rest_route=%2Fwp%2Fv2%2Ftags&post=27614"}],"curies":[{"name":"wp","href":"https:\/\/api.w.org\/{rel}","templated":true}]}}