{"id":27600,"date":"2025-03-23T11:56:00","date_gmt":"2025-03-23T14:56:00","guid":{"rendered":"https:\/\/www.semanariolocal.cl\/?p=27600"},"modified":"2025-03-24T11:05:06","modified_gmt":"2025-03-24T14:05:06","slug":"defensores-de-nuestra-memoria-colectiva","status":"publish","type":"post","link":"https:\/\/www.semanariolocal.cl\/?p=27600","title":{"rendered":"Defensores de nuestra memoria colectiva"},"content":{"rendered":"\n<p><strong><mark style=\"background-color:#abb8c3\" class=\"has-inline-color has-white-color\">23 de Marzo del 2025.-<\/mark> <\/strong>Lo anterior representa una\u00a0pr\u00e1ctica que nos acompa\u00f1a a los seres humanos desde que comenzamos nuestro habitar en la tierra, y que es tan antigua como la observaci\u00f3n del ciclo natural de las estaciones del a\u00f1o.<\/p>\n\n\n\n<p>La narraci\u00f3n oral es un acervo invaluable de los pueblos, y consiste en la tradici\u00f3n de contar historias a viva voz. Nace cuando los hombres y mujeres se reun\u00edan en torno al fuego y compart\u00edan experiencias y visiones sobre su existencia y al mundo que los rodeaba: la vida y la muerte, el nacimiento de los hijos, el significado de los astros, el poder del viento y el agua, los cambios clim\u00e1ticos, la fuerza y habilidad de los animales, y muchos otros asuntos de su cotidianeidad. Aunque relegada por la palabra escrita, ha sido y sigue siendo un veh\u00edculo crucial de transmisi\u00f3n de conocimientos, s\u00edmbolos, valores, creencias y memorias colectivas, es decir, del patrimonio inmaterial de la humanidad.&nbsp;<\/p>\n\n\n\n<p>En el Chile actual, donde pareciera que las redes sociales monopolizan la comunicaci\u00f3n entre las personas, existen muchos cultores del ancestral oficio de la oralidad, que mantienen vivos los relatos tradicionales de sus comunidades, contribuyendo a generar nuevas audiencias a lo largo del todo el territorio nacional. Por nombrar s\u00f3lo dos casos: Carlos Genovese -reconocido en 2023 con el Premio a las Artes Esc\u00e9nicas Nacionales Presidente de la Rep\u00fablica-, quien tiene una trayectoria de m\u00e1s de 25 a\u00f1os como narrador oral y dirige su propia escuela en Valpara\u00edso, y Nancy Villarreal, joven actriz oriunda de Quiriquina, que se ha desempe\u00f1ado como cuentacuentos en micros de la regi\u00f3n de \u00d1uble, llevando este arte a espacios no convencionales.<\/p>\n\n\n\n<p>El desarrollo de habilidades de narraci\u00f3n oral es indispensable para desenvolverse en el mundo de hoy. Seg\u00fan distintos expertos, que los ni\u00f1os y ni\u00f1as escuchen desde temprana edad historias a viva voz les permite una mejor comprensi\u00f3n del significado de las palabras, facilita el aprendizaje de las reglas sint\u00e1cticas y fortalece su capacidad oratoria.&nbsp; Adem\u00e1s, fomenta la lectura, siendo los cuentos que madres y padres relatan a sus hijos su primera aproximaci\u00f3n al mundo de los libros y la cultura en general.<\/p>\n\n\n\n<p>En la localidad de Tongoy, en la regi\u00f3n de Coquimbo, las actividades de conmemoraci\u00f3n del D\u00eda de la Narraci\u00f3n Oral giraron en torno a la figura de Gabriela Mistral. No fue una elecci\u00f3n casual, pues la obra de la poetisa del Valle del Elqui \u201c<em>conserva numerosos rastros del lenguaje oral y parece exigir (\u2026)&nbsp; la lectura comunitaria y no la de la soledad de texto y lector<\/em>\u201d, explica la acad\u00e9mica Ana Mar\u00eda Cuneo. Por ejemplo, la palabra \u201caupar\u201d, muy presente en sus textos, proviene de la expresi\u00f3n infantil \u00abupa\u00bb que utilizan los beb\u00e9s para pedir que sean tomados en brazos.<\/p>\n\n\n\n<p>Gabriela, los innumerables cuentacuentos repartidos por nuestra geograf\u00eda y todos quienes con su arte realzan la importancia de la oralidad, merecen nuestro homenaje durante todo el a\u00f1o y no s\u00f3lo un d\u00eda, reconoci\u00e9ndolos permanentemente como defensores de nuestra memoria colectiva.<\/p>\n\n\n\n<p><strong><em>Jos\u00e9 Albucc\u00f3, acad\u00e9mico Universidad Cat\u00f3lica Silva Henr\u00edquez y creador del blog&nbsp;<\/em><\/strong><a href=\"http:\/\/www.patrimonioyarte.com\/\" target=\"_blank\" rel=\"noreferrer noopener\"><strong><em>Patrimonio y Arte<\/em><\/strong><\/a><\/p>\n","protected":false},"excerpt":{"rendered":"<p>Este 20 de marzo reci\u00e9n pasado -cuando se produjo el equinoccio de oto\u00f1o- celebramos el\u00a0D\u00eda Internacional de la Narraci\u00f3n Oral.<\/p>\n","protected":false},"author":1,"featured_media":27601,"comment_status":"closed","ping_status":"closed","sticky":false,"template":"","format":"standard","meta":{"footnotes":""},"categories":[3,11,7,6],"tags":[337,3996,273,1093,247,133],"class_list":["post-27600","post","type-post","status-publish","format-standard","has-post-thumbnail","hentry","category-al-dia","category-educacion","category-opinion","category-politica","tag-informacion","tag-jose-albucco-2","tag-noticias","tag-opinion-2","tag-region-de-los-lagos","tag-semanario-local"],"_links":{"self":[{"href":"https:\/\/www.semanariolocal.cl\/index.php?rest_route=\/wp\/v2\/posts\/27600","targetHints":{"allow":["GET"]}}],"collection":[{"href":"https:\/\/www.semanariolocal.cl\/index.php?rest_route=\/wp\/v2\/posts"}],"about":[{"href":"https:\/\/www.semanariolocal.cl\/index.php?rest_route=\/wp\/v2\/types\/post"}],"author":[{"embeddable":true,"href":"https:\/\/www.semanariolocal.cl\/index.php?rest_route=\/wp\/v2\/users\/1"}],"replies":[{"embeddable":true,"href":"https:\/\/www.semanariolocal.cl\/index.php?rest_route=%2Fwp%2Fv2%2Fcomments&post=27600"}],"version-history":[{"count":1,"href":"https:\/\/www.semanariolocal.cl\/index.php?rest_route=\/wp\/v2\/posts\/27600\/revisions"}],"predecessor-version":[{"id":27602,"href":"https:\/\/www.semanariolocal.cl\/index.php?rest_route=\/wp\/v2\/posts\/27600\/revisions\/27602"}],"wp:featuredmedia":[{"embeddable":true,"href":"https:\/\/www.semanariolocal.cl\/index.php?rest_route=\/wp\/v2\/media\/27601"}],"wp:attachment":[{"href":"https:\/\/www.semanariolocal.cl\/index.php?rest_route=%2Fwp%2Fv2%2Fmedia&parent=27600"}],"wp:term":[{"taxonomy":"category","embeddable":true,"href":"https:\/\/www.semanariolocal.cl\/index.php?rest_route=%2Fwp%2Fv2%2Fcategories&post=27600"},{"taxonomy":"post_tag","embeddable":true,"href":"https:\/\/www.semanariolocal.cl\/index.php?rest_route=%2Fwp%2Fv2%2Ftags&post=27600"}],"curies":[{"name":"wp","href":"https:\/\/api.w.org\/{rel}","templated":true}]}}