{"id":27561,"date":"2025-03-21T13:30:22","date_gmt":"2025-03-21T16:30:22","guid":{"rendered":"https:\/\/www.semanariolocal.cl\/?p=27561"},"modified":"2025-03-21T13:30:23","modified_gmt":"2025-03-21T16:30:23","slug":"aumenta-la-ansiedad-en-la-zona-sur-1-de-cada-3-mujeres-presenta-sintomas-moderados-o-severos","status":"publish","type":"post","link":"https:\/\/www.semanariolocal.cl\/?p=27561","title":{"rendered":"Aumenta la ansiedad en la zona sur: 1 de cada 3 mujeres presenta s\u00edntomas moderados o severos"},"content":{"rendered":"\n<p><strong><mark style=\"background-color:#abb8c3\" class=\"has-inline-color has-white-color\">21 de Marzo del 2025.- <\/mark><\/strong>De acuerdo con los resultados de la d\u00e9cima versi\u00f3n del Term\u00f3metro de la Salud Mental Achs-UC, las regiones del \u00d1uble, Biob\u00edo, Araucan\u00eda, Los R\u00edos, Los Lagos, Ays\u00e9n y Magallanes evidenciaron un incremento de 5,7 puntos porcentuales en la prevalencia de ansiedad moderada o severa, llegando a un 24,8%. El alza se concentr\u00f3 especialmente en las mujeres, quienes alcanzaron un 32,8%, la m\u00e1s alta registrada desde que se comenz\u00f3 a medir este factor a nivel regional.<\/p>\n\n\n\n<p>\u201cEn esta nueva ronda pudimos observar un alza en la sintomatolog\u00eda ansiosa tanto en hombres como mujeres, pero el salto para estas \u00faltimas fue muy significativo, de m\u00e1s de 7 puntos porcentuales en comparaci\u00f3n a la medici\u00f3n de abril de 2024\u201d, afirma Daniela Campos, Jefa de Riesgos Psicosociales de la Achs. La especialista agrega que este factor hab\u00eda \u201cmostrado una disminuci\u00f3n positiva en la ronda anterior, mostrando una baja en ambos g\u00e9neros, sin embargo ahora vuelve a los niveles observados en los \u00faltimos a\u00f1os.<\/p>\n\n\n\n<p>Otros indicadores importantes en esta nueva versi\u00f3n del estudio fueron la depresi\u00f3n, que se mantuvo estable en 10%, el sedentarismo, que registr\u00f3 una baja de 5,5 puntos, situ\u00e1ndose en 26,6%; y el aumento en el insomnio (11,1%) y el consumo de alcohol de riesgo (8,3%) que vieron alzas de poco m\u00e1s de dos puntos.<\/p>\n\n\n\n<p><strong>\u00bfQu\u00e9 estresa a las personas en la zona sur?<\/strong><\/p>\n\n\n\n<p>Al igual que en el promedio nacional, el crimen organizado (61,7%) y la delincuencia (58,3%) siguen siendo las principales causas de estr\u00e9s para los habitantes de \u00d1uble, Biob\u00edo, Araucan\u00eda, Los R\u00edos, Los Lagos, Ays\u00e9n y Magallanes, ambos tuvieron crecimientos significativos de siete y cinco puntos porcentuales respectivamente. Les siguen factores como el cambio clim\u00e1tico (43,3%), los cambios sociopol\u00edticos (40,9%) y proyecciones econ\u00f3micas (37,3%) que tambi\u00e9n vieron alzas significativas, entre tres y seis puntos porcentuales.<\/p>\n\n\n\n<p><strong>Agotamiento en el trabajo y otros indicadores<\/strong><\/p>\n\n\n\n<p>Esta d\u00e9cima versi\u00f3n del estudio tambi\u00e9n midi\u00f3 el agotamiento laboral en los \u00faltimos 12 meses. El 21,2% de las personas ocupadas en la zona sur dijo \u201cmuchas veces o siempre\u201d sentirse exhausta al final de la jornada. El 12,8% calific\u00f3 su trabajo como emocionalmente agotador, cifra seis puntos porcentuales m\u00e1s baja a lo observado en el promedio nacional. Por \u00faltimo las personas entre 25 y 44 a\u00f1os fueron las que m\u00e1s agotamiento sintieron en su trabajo. Considerando el conjunto de preguntas sobre agotamiento, se puede concluir que las regiones de la zona sur presentan un \u00edndice de alto agotamiento en el trabajo para el 2,9% de las personas, inferior al que exhiben la zona norte y centro del pa\u00eds (5-6%).<\/p>\n\n\n\n<p>Por otra parte, un indicador complementario es el de satisfacci\u00f3n laboral, que en la zona sur ha mostrado un aumento sostenido desde el inicio del estudio: si en julio de 2020 era un 69,5%, en esta \u00faltima ronda alcanz\u00f3 a 78%.<\/p>\n\n\n\n<p>\u201cLos indicadores anteriores son muy relevantes\u201d indic\u00f3 David Bravo, director del Centro UC de Encuestas y Estudios Longitudinales, \u201cpor cuanto, luego de la crisis del mercado laboral, la valoraci\u00f3n del trabajo por parte de las personas se ha incrementado, lo que se refleja en el incremento en la satisfacci\u00f3n laboral de quienes tienen un trabajo en todas las regiones del pa\u00eds. Al mismo tiempo, se produce un alto agotamiento laboral en una proporci\u00f3n actualmente peque\u00f1a de personas pero que es necesario seguir monitoreando de manera continua\u201d.<\/p>\n\n\n\n<p><strong><u>Datos sobre el estudio<\/u><\/strong><\/p>\n\n\n\n<p>El \u201cTerm\u00f3metro de la Salud Mental Achs-UC\u201d es un estudio longitudinal, con una muestra aleatoria de aproximadamente 3.000 individuos desde el a\u00f1o 2020, representativa de la poblaci\u00f3n nacional urbana mayor de 18 a\u00f1os, seleccionada a partir de una muestra representativa de hogares. Se llev\u00f3 adelante a trav\u00e9s de entrevistas telef\u00f3nicas sobre una muestra de viviendas previamente entrevistadas en persona.<\/p>\n\n\n\n<p>Sus principales indicadores en el \u00e1mbito de la salud mental est\u00e1n construidos a partir de metodolog\u00edas internacionalmente validadas: problemas de salud mental&nbsp; (GHQ-12); s\u00edntomas de depresi\u00f3n (PHQ-9); s\u00edntomas de ansiedad (GAD-7); exposici\u00f3n a riesgos psicosociales (CoPsoQ); consumo de alcohol (AUDIT-C); insomnio (ISI); soledad percibida (UCLA-R).<\/p>\n","protected":false},"excerpt":{"rendered":"<p>La cifra es la m\u00e1s alta desde el inicio de esta medici\u00f3n. Por otra parte, la depresi\u00f3n se mantuvo en un 10%, y el sedentarismo baj\u00f3 a un 26,6%.<\/p>\n","protected":false},"author":1,"featured_media":27562,"comment_status":"closed","ping_status":"closed","sticky":false,"template":"","format":"standard","meta":{"footnotes":""},"categories":[3,11,3265,2484],"tags":[2118,337,273,247,133],"class_list":["post-27561","post","type-post","status-publish","format-standard","has-post-thumbnail","hentry","category-al-dia","category-educacion","category-psicologia","category-salud","tag-semanariolocal","tag-informacion","tag-noticias","tag-region-de-los-lagos","tag-semanario-local"],"_links":{"self":[{"href":"https:\/\/www.semanariolocal.cl\/index.php?rest_route=\/wp\/v2\/posts\/27561","targetHints":{"allow":["GET"]}}],"collection":[{"href":"https:\/\/www.semanariolocal.cl\/index.php?rest_route=\/wp\/v2\/posts"}],"about":[{"href":"https:\/\/www.semanariolocal.cl\/index.php?rest_route=\/wp\/v2\/types\/post"}],"author":[{"embeddable":true,"href":"https:\/\/www.semanariolocal.cl\/index.php?rest_route=\/wp\/v2\/users\/1"}],"replies":[{"embeddable":true,"href":"https:\/\/www.semanariolocal.cl\/index.php?rest_route=%2Fwp%2Fv2%2Fcomments&post=27561"}],"version-history":[{"count":1,"href":"https:\/\/www.semanariolocal.cl\/index.php?rest_route=\/wp\/v2\/posts\/27561\/revisions"}],"predecessor-version":[{"id":27563,"href":"https:\/\/www.semanariolocal.cl\/index.php?rest_route=\/wp\/v2\/posts\/27561\/revisions\/27563"}],"wp:featuredmedia":[{"embeddable":true,"href":"https:\/\/www.semanariolocal.cl\/index.php?rest_route=\/wp\/v2\/media\/27562"}],"wp:attachment":[{"href":"https:\/\/www.semanariolocal.cl\/index.php?rest_route=%2Fwp%2Fv2%2Fmedia&parent=27561"}],"wp:term":[{"taxonomy":"category","embeddable":true,"href":"https:\/\/www.semanariolocal.cl\/index.php?rest_route=%2Fwp%2Fv2%2Fcategories&post=27561"},{"taxonomy":"post_tag","embeddable":true,"href":"https:\/\/www.semanariolocal.cl\/index.php?rest_route=%2Fwp%2Fv2%2Ftags&post=27561"}],"curies":[{"name":"wp","href":"https:\/\/api.w.org\/{rel}","templated":true}]}}