{"id":27558,"date":"2025-03-21T13:20:03","date_gmt":"2025-03-21T16:20:03","guid":{"rendered":"https:\/\/www.semanariolocal.cl\/?p=27558"},"modified":"2025-03-21T13:20:04","modified_gmt":"2025-03-21T16:20:04","slug":"el-impacto-de-la-pandemia-en-el-analisis-de-imagenes-medicas-con-inteligencia-artificial","status":"publish","type":"post","link":"https:\/\/www.semanariolocal.cl\/?p=27558","title":{"rendered":"El impacto de la pandemia en el an\u00e1lisis de im\u00e1genes m\u00e9dicas con inteligencia artificial"},"content":{"rendered":"\n<p><strong><mark style=\"background-color:#abb8c3\" class=\"has-inline-color has-white-color\">21 de marzo del 2025.-<\/mark><\/strong>  Durante la emergencia sanitaria, la IA demostr\u00f3 ser una herramienta clave para agilizar los diagn\u00f3sticos y mejorar la eficiencia de los sistemas de salud. Esto ha llevado a una adopci\u00f3n acelerada en hospitales y cl\u00ednicas de todo el mundo.<\/p>\n\n\n\n<p>Uno de los principales avances ha sido el desarrollo de programas de IA capaces de analizar ex\u00e1menes imagenol\u00f3gicos tales como radiograf\u00edas, tomograf\u00edas y resonancias magn\u00e9ticas con un alto nivel de precisi\u00f3n. Durante la pandemia, estos sistemas se enfocaron en detectar signos de neumon\u00eda causada por COVID-19. Sin embargo, con el tiempo, su aplicaci\u00f3n se ha extendido para ayudar a diagnosticar enfermedades pulmonares cr\u00f3nicas, patolog\u00edas cardiovasculares, c\u00e1ncer y trastornos neurol\u00f3gicos.<\/p>\n\n\n\n<p>Un factor importante para la aceptaci\u00f3n de estas herramientas ha sido la mejora en su transparencia. Antes, los profesionales de la salud dudaban de los resultados porque los algoritmos funcionaban como una \u00abcaja negra\u00bb sin explicaciones claras. Ahora, nuevas t\u00e9cnicas permiten visualizar qu\u00e9 partes de una imagen influyeron en la decisi\u00f3n de la IA, lo que ha aumentado la confianza en su uso y facilitando su integraci\u00f3n en la pr\u00e1ctica cl\u00ednica.<\/p>\n\n\n\n<p>Tambi\u00e9n ha sido muy importante el acceso a grandes cantidades de datos m\u00e9dicos anonimizados, lo que ha permitido entrenar sistemas m\u00e1s precisos y eficaces. Sin embargo, esto tambi\u00e9n ha generado preocupaciones sobre la privacidad de los pacientes y la equidad en el acceso a estas tecnolog\u00edas.<\/p>\n\n\n\n<p>El impacto de la IA en el an\u00e1lisis de im\u00e1genes m\u00e9dicas no solo se refleja en la precisi\u00f3n de los diagn\u00f3sticos, sino tambi\u00e9n est\u00e1n optimizando los flujos de trabajo en los centros de salud. Gracias a estas herramientas, los m\u00e9dicos radi\u00f3logos pueden reducir el tiempo que dedican a analizar estudios imagenol\u00f3gicos, lo que les permite brindar resultados m\u00e1s r\u00e1pidos y exactos, adem\u00e1s esta tecnolog\u00eda permite priorizar casos con patolog\u00edas de urgencia, lo que permite tratamientos oportunos a los pacientes.<\/p>\n\n\n\n<p>El futuro de la IA en el \u00e1rea de an\u00e1lisis m\u00e9dica y en el \u00e1rea de salud en general, es prometedor. Se espera que siga evolucionando para hacer los diagn\u00f3sticos m\u00e1s r\u00e1pidos, precisos y accesibles. Adem\u00e1s, la combinaci\u00f3n de tecnolog\u00eda e intervenci\u00f3n humana continuar\u00e1 fortaleci\u00e9ndose, permitiendo una atenci\u00f3n m\u00e9dica m\u00e1s personalizada para cada paciente. Aunque la IA no reemplazar\u00e1 a los m\u00e9dicos, ser\u00e1 un apoyo esencial para mejorar la calidad y el acceso a la salud.<\/p>\n\n\n\n<p>A medida que estas tecnolog\u00edas sigan desarroll\u00e1ndose, tambi\u00e9n surgir\u00e1n nuevos desaf\u00edos. Ser\u00e1 necesario garantizar que los profesionales de la salud reciban formaci\u00f3n adecuada para utilizar estas herramientas de manera efectiva. Asimismo, se requerir\u00e1n regulaciones claras para definir c\u00f3mo y hasta d\u00f3nde puede llegar la IA en la atenci\u00f3n m\u00e9dica, asegurando un uso \u00e9tico y transparente de esta tecnolog\u00eda en beneficio de todas las personas.<\/p>\n\n\n\n<p><strong>Mat\u00edas Villarroel Vera &#8211; Acad\u00e9mico Tecnolog\u00eda M\u00e9dica &#8211; Universidad Andr\u00e9s Bello<\/strong><\/p>\n","protected":false},"excerpt":{"rendered":"<p>En los \u00faltimos a\u00f1os, la inteligencia artificial (IA) ha cambiado la manera en que se analizan las im\u00e1genes m\u00e9dicas, sobre todo a partir de la pandemia de COVID-19.<\/p>\n","protected":false},"author":1,"featured_media":27559,"comment_status":"closed","ping_status":"closed","sticky":false,"template":"","format":"standard","meta":{"footnotes":""},"categories":[3,11,2484,2514],"tags":[2118,337,3986,273,247,133,1822],"class_list":["post-27558","post","type-post","status-publish","format-standard","has-post-thumbnail","hentry","category-al-dia","category-educacion","category-salud","category-tecnologia","tag-semanariolocal","tag-informacion","tag-matias-villarroel-vera","tag-noticias","tag-region-de-los-lagos","tag-semanario-local","tag-universidad-andres-bello"],"_links":{"self":[{"href":"https:\/\/www.semanariolocal.cl\/index.php?rest_route=\/wp\/v2\/posts\/27558","targetHints":{"allow":["GET"]}}],"collection":[{"href":"https:\/\/www.semanariolocal.cl\/index.php?rest_route=\/wp\/v2\/posts"}],"about":[{"href":"https:\/\/www.semanariolocal.cl\/index.php?rest_route=\/wp\/v2\/types\/post"}],"author":[{"embeddable":true,"href":"https:\/\/www.semanariolocal.cl\/index.php?rest_route=\/wp\/v2\/users\/1"}],"replies":[{"embeddable":true,"href":"https:\/\/www.semanariolocal.cl\/index.php?rest_route=%2Fwp%2Fv2%2Fcomments&post=27558"}],"version-history":[{"count":1,"href":"https:\/\/www.semanariolocal.cl\/index.php?rest_route=\/wp\/v2\/posts\/27558\/revisions"}],"predecessor-version":[{"id":27560,"href":"https:\/\/www.semanariolocal.cl\/index.php?rest_route=\/wp\/v2\/posts\/27558\/revisions\/27560"}],"wp:featuredmedia":[{"embeddable":true,"href":"https:\/\/www.semanariolocal.cl\/index.php?rest_route=\/wp\/v2\/media\/27559"}],"wp:attachment":[{"href":"https:\/\/www.semanariolocal.cl\/index.php?rest_route=%2Fwp%2Fv2%2Fmedia&parent=27558"}],"wp:term":[{"taxonomy":"category","embeddable":true,"href":"https:\/\/www.semanariolocal.cl\/index.php?rest_route=%2Fwp%2Fv2%2Fcategories&post=27558"},{"taxonomy":"post_tag","embeddable":true,"href":"https:\/\/www.semanariolocal.cl\/index.php?rest_route=%2Fwp%2Fv2%2Ftags&post=27558"}],"curies":[{"name":"wp","href":"https:\/\/api.w.org\/{rel}","templated":true}]}}