{"id":27490,"date":"2025-03-18T23:35:47","date_gmt":"2025-03-19T02:35:47","guid":{"rendered":"https:\/\/www.semanariolocal.cl\/?p=27490"},"modified":"2025-03-18T23:35:49","modified_gmt":"2025-03-19T02:35:49","slug":"el-maltrato-a-docentes-exige-respuestas-mas-alla-de-lo-pedagogico","status":"publish","type":"post","link":"https:\/\/www.semanariolocal.cl\/?p=27490","title":{"rendered":"El maltrato a docentes exige respuestas m\u00e1s all\u00e1 de lo pedag\u00f3gico"},"content":{"rendered":"\n<p><strong><mark style=\"background-color:#abb8c3\" class=\"has-inline-color has-white-color\">18 de marzo del 2025.- <\/mark><\/strong>En m\u00faltiples ocasiones hemos hablado de las implicancias que tiene la violencia escolar en la vida adulta de los ni\u00f1os, ni\u00f1as y adolescentes (NNA). Ri\u00f1as, agresiones verbales, acoso, ciberacoso, bullying, exclusi\u00f3n y otros, son diferentes expresiones de un conjunto de actos que se enmarcan en lo que llamamos violencia escolar o incidentes cr\u00edticos de convivencia, los que con estrategias y metodolog\u00edas de implementaci\u00f3n logran mitigarse y abordarse de maneras preventivas, pedag\u00f3gicas y psicosociales.<\/p>\n\n\n\n<p>No obstante, hay situaciones que dejan de ser un incidente escolar y cobran el car\u00e1cter de delito. Y en este marco, debe ser analizado el maltrato a los y las docentes, tal y como lo resolvi\u00f3 en octubre del 2024 la justicia cuando condeno a dos a\u00f1os de internaci\u00f3n en r\u00e9gimen semicerrado al estudiante BARB por su agresi\u00f3n en contra del docente Miguel Jos\u00e9 Ni\u00f1o R\u00edos del Liceo Centro Educacional San Ram\u00f3n.<\/p>\n\n\n\n<p>Este tipo de hechos que son aislados, pero que lamentablemente se est\u00e1n volviendo recurrentes, no pueden quedar en la sanci\u00f3n escolar de una suspensi\u00f3n de matr\u00edcula o un cambio de establecimiento, porque la se\u00f1al entregada es de permisividad a una pr\u00e1ctica delictual dentro de un estado de derecho y en democracia.<\/p>\n\n\n\n<p>Agredir a otro u otra, aprovechando una situaci\u00f3n de desventaja y dej\u00e1ndole da\u00f1os f\u00edsicos, sean estos graves o no, en un contexto laboral como el que posee un docente v\u00edctima de la agresi\u00f3n de un estudiante, es vulnerar la seguridad m\u00ednima que todos tenemos derecho a tener en nuestro lugar de trabajo. Por ello, las condiciones que deben proteger a los y las profesoras debe instruir una denuncia formal en los juzgados como parte del protocolo del reglamento escolar. Ya han ocurrido situaciones complejas con agresiones delictivas como la bencina lanzada al director del Liceo Lastarria en Providencia en mayo del 2024 y hoy el ataque con un palo de escobill\u00f3n a la docente y colega Elena Caro Ram\u00edrez, del Liceo Bicentenario de Excelencia de Trehuaco en la Regi\u00f3n de \u00d1uble. Un hecho que vuelve a cubrir la educaci\u00f3n y sus logros con el velo de la violencia juvenil, que no representa a un modo de desarrollo social de una determinada comunidad escolar, pero que, sin embargo, la empa\u00f1an con esta acci\u00f3n.<\/p>\n\n\n\n<p>Lamentablemente, las comunidades que presencian este tipo de actos sufren una afectaci\u00f3n y vulneraci\u00f3n que no es f\u00e1cil de resolver, ya que requieren de un apoyo y trabajo multidisciplinario para recomponer un aspecto tan b\u00e1sico como la seguridad en la escuela para todos sus miembros, mejorar las confianzas entre estamentos y sobre todo generar espacios de trabajo conjunto con apoderados\/as, estudiantes y docentes, por lo que se requiere un apoyo interdisciplinario, junto con una investigaci\u00f3n a lo sucedido desde la Superintendencia de Educaci\u00f3n en este tipo de casos.<\/p>\n\n\n\n<p>Ante esto es importante realizar labores preventivas no s\u00f3lo intraescuela, sino tambi\u00e9n interescuela e intersectorial, donde un ejemplo a destacar es la Mesa de Seguridad Escolar de Chiguayante, que se realiza mensualmente en el Colegio Aurora de Chile, y donde participamos Colegios de la comuna (p\u00fablicos, particulares subvencionados y particulares pagados), Carabineros, Senda, Universidad Andr\u00e9s Bello y la Direcci\u00f3n de Seguridad Ciudadana, Emergencia y Protecci\u00f3n Civil de la Municipalidad de Chiguayante.<\/p>\n\n\n\n<p>Quienes somos docentes sabemos lo que significa el buen trato y la relaci\u00f3n con nuestros estudiantes, padres y apoderados\/as y colegas, por lo que el quiebre que eso significa cuando hay una agresi\u00f3n es mucho m\u00e1s profundo que las heridas f\u00edsicas que deja. Esperamos que la colega Elena tenga una pronta y favorable recuperaci\u00f3n.<\/p>\n\n\n\n<p><strong>Eliseo Lara \u00d3rdenes &#8211; Director Programa de Pedagog\u00eda en Educaci\u00f3n Media &#8211; Universidad Andr\u00e9s Bello<\/strong><\/p>\n","protected":false},"excerpt":{"rendered":"<p>Hay situaciones que, claramente,  dejan de ser un incidente escolar y cobran el car\u00e1cter de delito. <\/p>\n","protected":false},"author":1,"featured_media":27491,"comment_status":"closed","ping_status":"closed","sticky":false,"template":"","format":"standard","meta":{"footnotes":""},"categories":[3302,3,11,2496],"tags":[2118,3289,337,273,247,133,1822,3974],"class_list":["post-27490","post","type-post","status-publish","format-standard","has-post-thumbnail","hentry","category-academia","category-al-dia","category-educacion","category-nacional","tag-semanariolocal","tag-eliseo-lara-ordenes","tag-informacion","tag-noticias","tag-region-de-los-lagos","tag-semanario-local","tag-universidad-andres-bello","tag-violencia-escolar"],"_links":{"self":[{"href":"https:\/\/www.semanariolocal.cl\/index.php?rest_route=\/wp\/v2\/posts\/27490","targetHints":{"allow":["GET"]}}],"collection":[{"href":"https:\/\/www.semanariolocal.cl\/index.php?rest_route=\/wp\/v2\/posts"}],"about":[{"href":"https:\/\/www.semanariolocal.cl\/index.php?rest_route=\/wp\/v2\/types\/post"}],"author":[{"embeddable":true,"href":"https:\/\/www.semanariolocal.cl\/index.php?rest_route=\/wp\/v2\/users\/1"}],"replies":[{"embeddable":true,"href":"https:\/\/www.semanariolocal.cl\/index.php?rest_route=%2Fwp%2Fv2%2Fcomments&post=27490"}],"version-history":[{"count":1,"href":"https:\/\/www.semanariolocal.cl\/index.php?rest_route=\/wp\/v2\/posts\/27490\/revisions"}],"predecessor-version":[{"id":27492,"href":"https:\/\/www.semanariolocal.cl\/index.php?rest_route=\/wp\/v2\/posts\/27490\/revisions\/27492"}],"wp:featuredmedia":[{"embeddable":true,"href":"https:\/\/www.semanariolocal.cl\/index.php?rest_route=\/wp\/v2\/media\/27491"}],"wp:attachment":[{"href":"https:\/\/www.semanariolocal.cl\/index.php?rest_route=%2Fwp%2Fv2%2Fmedia&parent=27490"}],"wp:term":[{"taxonomy":"category","embeddable":true,"href":"https:\/\/www.semanariolocal.cl\/index.php?rest_route=%2Fwp%2Fv2%2Fcategories&post=27490"},{"taxonomy":"post_tag","embeddable":true,"href":"https:\/\/www.semanariolocal.cl\/index.php?rest_route=%2Fwp%2Fv2%2Ftags&post=27490"}],"curies":[{"name":"wp","href":"https:\/\/api.w.org\/{rel}","templated":true}]}}