{"id":27424,"date":"2025-03-15T19:47:18","date_gmt":"2025-03-15T22:47:18","guid":{"rendered":"https:\/\/www.semanariolocal.cl\/?p=27424"},"modified":"2025-03-15T19:47:19","modified_gmt":"2025-03-15T22:47:19","slug":"santo-tomas-osorno-reconoce-a-estudiantes-con-premio-sello-2025","status":"publish","type":"post","link":"https:\/\/www.semanariolocal.cl\/?p=27424","title":{"rendered":"Santo Tom\u00e1s Osorno reconoce a estudiantes con Premio Sello 2025"},"content":{"rendered":"\n<p><strong><mark style=\"background-color:#abb8c3\" class=\"has-inline-color has-white-color\">15 de Marzo del 2025.- <\/mark><\/strong>Como cada a\u00f1o, la Direcci\u00f3n de Formaci\u00f3n e Identidad de Santo Tom\u00e1s Osorno distingui\u00f3 a sus alumnos Premio Sello 2025, esta vez el reconocimiento fue para los alumnos Juan Aguayo Hormaz\u00e1bal de la carrera Contador Auditor del Instituto Profesional, Geraldine Kuschel B\u00f3rquez de la carrera Terapia Ocupacional de la Universidad, y \u00d3scar Berm\u00fadez Acurero de la carrera Topograf\u00eda del Centro de Formaci\u00f3n T\u00e9cnica.<\/p>\n\n\n\n<p>Mencionar que el Premio Sello es para aquellos estudiantes que encarnan el esp\u00edritu y los ideales Santo Tom\u00e1s en el marco del proyecto educativo donde uno de los objetivos fundamentales dice relaci\u00f3n con el desarrollo integral de las capacidades de sus estudiantes. \u201cA trav\u00e9s de esta nominaci\u00f3n se busca potenciar sus esfuerzos formativos a trav\u00e9s del reconocimiento p\u00fablico de sus logros, particularmente de aquellos que se destacan y son identificados como modelos para sus compa\u00f1eros, evidenciando los valores institucionales como amor a la verdad, excelencia y esfuerzo, fraternidad y solidaridad, respeto e inclusi\u00f3n, todos fundados en el valor de cada persona\u201d, afirm\u00f3 la Directora de Formaci\u00f3n e Identidad de Santo Tom\u00e1s Osorno, Tatiana Ivanoff Ruiz.<\/p>\n\n\n\n<p>Por lo dem\u00e1s, este premio refleja el compromiso que tiene Santo Tom\u00e1s con la formaci\u00f3n de sus estudiantes, no s\u00f3lo en el \u00e1mbito acad\u00e9mico, sino tambi\u00e9n val\u00f3rica y humana hacia su entorno.<\/p>\n\n\n\n<p>As\u00ed lo describe el alumno Juan Aguayo Hormaz\u00e1bal de la carrera Contador Auditor del Instituto Profesional, quien indic\u00f3 que este reconocimiento viene a validar sus a\u00f1os de esfuerzo y dedicaci\u00f3n por sacar adelante su carrera. \u201cEs muy bueno que Santo Tom\u00e1s haga este tipo de reconocimiento, ya que uno como alumno se siente orgulloso de cada logro, y por supuesto, de la calidad humana de cada persona de la instituci\u00f3n que se hace vivo el eslogan \u00abT\u00fa Puedes\u00bb, porque te motivan a hacer cada d\u00eda mejor, a lograr tus metas y ser un gran profesional a futuro\u201d, detall\u00f3.<\/p>\n\n\n\n<p>Una opini\u00f3n similar es la que tambi\u00e9n describe Geraldine Kuschel B\u00f3rquez, estudiante de Terapia Ocupacional de la Universidad, quien junto con expresar su agradecimiento por este reconocimiento, tambi\u00e9n dijo sentirse apoyada por la instituci\u00f3n sobre todo en los momentos dif\u00edciles como alumna, \u201cjam\u00e1s pens\u00e9 que todo el esfuerzo y dedicaci\u00f3n durante estos 5 a\u00f1os de carrera dar\u00eda frutos, a tal punto de ser reconocida como Alumna Sello. Estoy eternamente agradecida de recibir esta distinci\u00f3n, y tambi\u00e9n de la Universidad, porque siempre me apoyaron, incluso en los momentos m\u00e1s dif\u00edciles con el fallecimiento de mi padre. Este es un gran reconocimiento para incentivar a los estudiantes a ser mejores personas y profesionales, pues cuando alguien reconoce todo el esfuerzo que hay detr\u00e1s, es una satisfacci\u00f3n enorme saber que lo estamos haciendo bien\u201d.<\/p>\n\n\n\n<p>Para \u00d3scar Berm\u00fadez Acurero, estudiante de Topograf\u00eda del Centro de Formaci\u00f3n T\u00e9cnica, esta iniciativa que promueve Santo Tom\u00e1s no s\u00f3lo viene a motivar a las y los alumnos a superarse en el d\u00eda a d\u00eda, sino que tambi\u00e9n a reforzar el compromiso acad\u00e9mico y personal. \u201cEs un reconocimiento que me llena de orgullo, alegr\u00eda y gratitud, ya que no s\u00f3lo representa un logro personal, sino tambi\u00e9n, el esfuerzo, dedicaci\u00f3n y apoyo de quienes han estado en este camino, tanto como familiares, profesores, compa\u00f1eros y amigos, por ende, estoy muy agradecido por todos ellos quienes han cre\u00eddo en m\u00ed y por este premio sello que me inspira a seguir adelante, so\u00f1ando y trabajando con la ilusi\u00f3n de nuevos logros. Un premio no es s\u00f3lo un galard\u00f3n, sino un impulso para seguir creciendo y aportando a la sociedad\u201d, puntualiz\u00f3 el estudiante.<\/p>\n\n\n\n<p>Finalmente, es importante se\u00f1alar que este reconocimiento institucional se traduce en la rebaja, durante un a\u00f1o, del 100% del arancel de la carrera del estudiante premiado o la entrega de un equipo tecnol\u00f3gico con valor equivalente, en el caso de que el beneficiado\/da tenga gratuidad.<\/p>\n","protected":false},"excerpt":{"rendered":"<p>Distinci\u00f3n busca incentivar en la comunidad estudiantil el desarrollo integral de las potencialidades de cada persona, sus competencias acad\u00e9micas, profesionales, \u00e9ticas y sociales, al servicio del bien com\u00fan.<\/p>\n","protected":false},"author":1,"featured_media":27425,"comment_status":"closed","ping_status":"closed","sticky":false,"template":"","format":"standard","meta":{"footnotes":""},"categories":[20,8,11],"tags":[2118,337,273,247,3713,133],"class_list":["post-27424","post","type-post","status-publish","format-standard","has-post-thumbnail","hentry","category-agro","category-comunas","category-educacion","tag-semanariolocal","tag-informacion","tag-noticias","tag-region-de-los-lagos","tag-santo-tomas-osorno-2","tag-semanario-local"],"_links":{"self":[{"href":"https:\/\/www.semanariolocal.cl\/index.php?rest_route=\/wp\/v2\/posts\/27424","targetHints":{"allow":["GET"]}}],"collection":[{"href":"https:\/\/www.semanariolocal.cl\/index.php?rest_route=\/wp\/v2\/posts"}],"about":[{"href":"https:\/\/www.semanariolocal.cl\/index.php?rest_route=\/wp\/v2\/types\/post"}],"author":[{"embeddable":true,"href":"https:\/\/www.semanariolocal.cl\/index.php?rest_route=\/wp\/v2\/users\/1"}],"replies":[{"embeddable":true,"href":"https:\/\/www.semanariolocal.cl\/index.php?rest_route=%2Fwp%2Fv2%2Fcomments&post=27424"}],"version-history":[{"count":1,"href":"https:\/\/www.semanariolocal.cl\/index.php?rest_route=\/wp\/v2\/posts\/27424\/revisions"}],"predecessor-version":[{"id":27426,"href":"https:\/\/www.semanariolocal.cl\/index.php?rest_route=\/wp\/v2\/posts\/27424\/revisions\/27426"}],"wp:featuredmedia":[{"embeddable":true,"href":"https:\/\/www.semanariolocal.cl\/index.php?rest_route=\/wp\/v2\/media\/27425"}],"wp:attachment":[{"href":"https:\/\/www.semanariolocal.cl\/index.php?rest_route=%2Fwp%2Fv2%2Fmedia&parent=27424"}],"wp:term":[{"taxonomy":"category","embeddable":true,"href":"https:\/\/www.semanariolocal.cl\/index.php?rest_route=%2Fwp%2Fv2%2Fcategories&post=27424"},{"taxonomy":"post_tag","embeddable":true,"href":"https:\/\/www.semanariolocal.cl\/index.php?rest_route=%2Fwp%2Fv2%2Ftags&post=27424"}],"curies":[{"name":"wp","href":"https:\/\/api.w.org\/{rel}","templated":true}]}}