{"id":27406,"date":"2025-03-14T21:33:53","date_gmt":"2025-03-15T00:33:53","guid":{"rendered":"https:\/\/www.semanariolocal.cl\/?p=27406"},"modified":"2025-03-14T21:33:54","modified_gmt":"2025-03-15T00:33:54","slug":"alcalde-bertin-encabezo-recorrido-por-el-pretil-de-francke","status":"publish","type":"post","link":"https:\/\/www.semanariolocal.cl\/?p=27406","title":{"rendered":"Alcalde Bertin encabez\u00f3 recorrido por el pretil de Francke"},"content":{"rendered":"\n<p><strong><mark style=\"background-color:#abb8c3\" class=\"has-inline-color has-white-color\">14 de marzo del 2025.- <\/mark><\/strong>14 de marzo del 2025.- Un recorrido por el Pretil de Francke efectu\u00f3 el alcalde Jaime Bertin, acompa\u00f1ado de representantes de la Direcci\u00f3n de Obras Hidr\u00e1ulicas (DOH) y de la empresa sanitaria Suralis, donde se acord\u00f3 realizar una revisi\u00f3n exhaustiva para ver las condiciones reales en que se encuentra esta estructura, que cumple un rol clave al contener eventuales crecidas del r\u00edo Rahue que pudieran afectar a los vecinos que residen al final de este sector.<\/p>\n\n\n\n<p>Al respecto, el jefe edilicio indic\u00f3 que \u201cesta labor estar\u00e1 enfocada mayormente por el lado poniente del pretil, que da hacia al r\u00edo Rahue, ya que es una zona de dif\u00edcil acceso. Para ello, el municipio dispondr\u00e1 de la log\u00edstica necesaria para llevar a cabo este trabajo, que dar\u00e1 cuenta de la situaci\u00f3n real de este espacio y, en caso de requerirse, permitir\u00e1 ejecutar faenas de mejoramiento en puntos exactos que deban reforzarse\u201d.<\/p>\n\n\n\n<p>\u201cEstamos a pocas semanas que se inicie el invierno y sabemos que, con ello, el caudal del r\u00edo Rahue aumenta, debido a las lluvias. De ah\u00ed era necesario realizar esta reuni\u00f3n en terreno, con todos los entes p\u00fablicos y privados involucrados, de modo que podamos ejecutar con antelaci\u00f3n, y de forma preventiva, las labores necesarias para que este pretil siga cumpliendo su misi\u00f3n de evitar que una eventual crecida de este afluente cause consecuencias lamentables en la poblaci\u00f3n\u201d.<\/p>\n\n\n\n<p>Cabe destacar que el Pretil de Francke fue mejorado el a\u00f1o 2017, con una inversi\u00f3n superior a los $600 millones de pesos, recursos del Ministerio de Obras P\u00fablicas, y consider\u00f3 levantar un muro de 1.043 metros de largo, donde se elev\u00f3 la estructura en 1 metro y se ensanch\u00f3 en 2 metros, todo aquello en concordancia con estudios de la Direcci\u00f3n de Obras Hidr\u00e1ulicas, respecto a los aumentos de caudal esperados en el r\u00edo Rahue en un per\u00edodo de 100 a\u00f1os.<\/p>\n","protected":false},"excerpt":{"rendered":"<p>\u201cEstamos a pocas semanas que se inicie el invierno y sabemos que, con ello, el caudal del r\u00edo Rahue aumenta, debido a las lluvias. De ah\u00ed era necesario realizar esta reuni\u00f3n en terreno\u00bb, indic\u00f3 Bert\u00edn.<\/p>\n","protected":false},"author":1,"featured_media":27407,"comment_status":"closed","ping_status":"closed","sticky":false,"template":"","format":"standard","meta":{"footnotes":""},"categories":[3,8,3597],"tags":[2118,1435,337,3812,273,132,247,133],"class_list":["post-27406","post","type-post","status-publish","format-standard","has-post-thumbnail","hentry","category-al-dia","category-comunas","category-municipalidad","tag-semanariolocal","tag-alcalde-de-osorno","tag-informacion","tag-jaime-bertin","tag-noticias","tag-osorno","tag-region-de-los-lagos","tag-semanario-local"],"_links":{"self":[{"href":"https:\/\/www.semanariolocal.cl\/index.php?rest_route=\/wp\/v2\/posts\/27406","targetHints":{"allow":["GET"]}}],"collection":[{"href":"https:\/\/www.semanariolocal.cl\/index.php?rest_route=\/wp\/v2\/posts"}],"about":[{"href":"https:\/\/www.semanariolocal.cl\/index.php?rest_route=\/wp\/v2\/types\/post"}],"author":[{"embeddable":true,"href":"https:\/\/www.semanariolocal.cl\/index.php?rest_route=\/wp\/v2\/users\/1"}],"replies":[{"embeddable":true,"href":"https:\/\/www.semanariolocal.cl\/index.php?rest_route=%2Fwp%2Fv2%2Fcomments&post=27406"}],"version-history":[{"count":1,"href":"https:\/\/www.semanariolocal.cl\/index.php?rest_route=\/wp\/v2\/posts\/27406\/revisions"}],"predecessor-version":[{"id":27408,"href":"https:\/\/www.semanariolocal.cl\/index.php?rest_route=\/wp\/v2\/posts\/27406\/revisions\/27408"}],"wp:featuredmedia":[{"embeddable":true,"href":"https:\/\/www.semanariolocal.cl\/index.php?rest_route=\/wp\/v2\/media\/27407"}],"wp:attachment":[{"href":"https:\/\/www.semanariolocal.cl\/index.php?rest_route=%2Fwp%2Fv2%2Fmedia&parent=27406"}],"wp:term":[{"taxonomy":"category","embeddable":true,"href":"https:\/\/www.semanariolocal.cl\/index.php?rest_route=%2Fwp%2Fv2%2Fcategories&post=27406"},{"taxonomy":"post_tag","embeddable":true,"href":"https:\/\/www.semanariolocal.cl\/index.php?rest_route=%2Fwp%2Fv2%2Ftags&post=27406"}],"curies":[{"name":"wp","href":"https:\/\/api.w.org\/{rel}","templated":true}]}}