{"id":2729,"date":"2021-10-29T05:00:00","date_gmt":"2021-10-29T08:00:00","guid":{"rendered":"https:\/\/www.semanariolocal.cl\/?p=2729"},"modified":"2021-10-30T01:04:44","modified_gmt":"2021-10-30T04:04:44","slug":"corte-suprema-declara-admisible-recurso-presentado-por-constituyente-jurgensen","status":"publish","type":"post","link":"https:\/\/www.semanariolocal.cl\/?p=2729","title":{"rendered":"Corte Suprema declara admisible recurso presentado por Constituyente J\u00fcrgensen"},"content":{"rendered":"\n<p style=\"font-size:17px\">Este jueves, la Corte Suprema resolvi\u00f3 a favor del Recurso de Protecci\u00f3n que fue presentado por un grupo de Constituyentes, ordenando su tramitaci\u00f3n. Esto, luego que la Corte de Apelaciones declarara inadmisible la acci\u00f3n judicial. Sin embargo, el m\u00e1ximo tribunal del pa\u00eds determin\u00f3 lo contrario, revocando dicha decisi\u00f3n.<\/p>\n\n\n\n<p style=\"font-size:17px\">Tras esto, se inicia el proceso en contra de la mesa directiva de la Convenci\u00f3n Constitucional luego que se les acusara censura y el impedimento para el debate en medio del proceso de discusi\u00f3n del reglamento de la convenci\u00f3n.<\/p>\n\n\n\n<p style=\"font-size:17px\">Al respecto, Harry J\u00fcrguensen, convencional del distrito 25 sostuvo que \u201cse nos abre una posibilidad, posibilidad de que se respeten las normas constitucionales que nos rigen y limitan. Que se respeten los derechos que el art\u00edculo 19 de nuestra actual Constituci\u00f3n consagra, y que tengamos la libertad en el uso de la palabra y opini\u00f3n, para de esa manera, trabajar en una mejor Constituci\u00f3n para Chile. Este fallo de la Corte Suprema permite seguir la causa y abrirnos una posibilidad cierta de que la direcci\u00f3n que ha seguido la Convenci\u00f3n Constitucional tenga un cambio positivo\u201d.<\/p>\n\n\n\n<p style=\"font-size:17px\">Margarita Letelier, Convencional de \u00d1uble tambi\u00e9n indica que \u00abesto es una se\u00f1al esperanzadora para la minor\u00eda a la cual pertenecemos en este proceso constituyente y donde nos hemos sentido absolutamente \u201cinvisibilizado\u201d. No hemos sido considerados en nuestra opini\u00f3n y nuestro voto no vale nada. No todo est\u00e1 perdido. Ha prevalecido la justicia. Muy buena se\u00f1al\u00bb.<\/p>\n\n\n\n<p style=\"font-size:17px\">En tanto la Convencional Teresa Marinovic se\u00f1al\u00f3: \u00abTenemos el deber y el derecho de representar a nuestros electores, y en este caso la \u00fanica forma en que pod\u00edamos hacerlo era mediante la deliberaci\u00f3n, que fue suprimida por un concepto de eficiencia mal entendida\u00bb.<\/p>\n\n\n\n<p style=\"font-size:17px\">Ruth Hurtado, una de las constituyentes que firm\u00f3 dicho recurso explic\u00f3 que \u00aba pesar de que fuimos duramente criticados, incluso por los colegas de nuestro sector, hoy la Corte Suprema ordena a la Corte de Apelaciones dar curso a nuestro recurso. Si bien esto es solo un paso, confiamos en que la corte suprema fallar\u00e1 confirme a derecho y nos dar\u00e1 la raz\u00f3n en cuanto a que si existi\u00f3 vulneraci\u00f3n de derechos en relaci\u00f3n a limitar nuestra libertad de expresi\u00f3n y el Pluralismo de opini\u00f3n en medio de la votaci\u00f3n de los cuatro reglamentos sin debate\u00bb.<\/p>\n\n\n\n<p style=\"font-size:17px\">Roc\u00edo Cantuarias, tambi\u00e9n se refiri\u00f3 al tema, se\u00f1alando que \u00abes una muy buena noticia que la Corte Suprema haya ordenado admitir a tramitaci\u00f3n el recurso de protecci\u00f3n interpuesto por la violaci\u00f3n a nuestra libertad de expresi\u00f3n en la Convenci\u00f3n Constitucional. Sigue su curso la tramitaci\u00f3n y esperamos se restablezca nuestra garant\u00eda constitucional\u201d.<\/p>\n\n\n\n<p style=\"font-size:17px\">Mientras tanto, Mart\u00edn Arrau expres\u00f3 \u00abuna se\u00f1al correcta que la justicia nos haya escuchado y la Corte Suprema haya revertido la decisi\u00f3n de la Corte de Apelaciones de Santiago. Nadie est\u00e1 por sobre el orden institucional, y la Corte Suprema as\u00ed lo ha establecido. Esta es una buena se\u00f1al porque da cuenta que la Convenci\u00f3n no es intocable, y que ante las vulneraciones de las garant\u00edas fundamentales de los propios Convencionales Constituyentes es posible presentar acciones que den cuenta de estas vulneraciones. Adem\u00e1s, esto servir\u00e1 para dejar evidencia judicial de todas las irregularidades que se comentan dentro de la Convenci\u00f3n\u00bb.<\/p>\n\n\n\n<p style=\"font-size:17px\">Finalmente, los constituyentes indicaron que la v\u00eda institucional y ajustada a derecho es el camino que se debe seguir en este proceso que \u00aba veces se vuelve poco democr\u00e1tico\u00bb.<\/p>\n","protected":false},"excerpt":{"rendered":"<p>Este jueves, la Corte Suprema resolvi\u00f3 a favor del Recurso de Protecci\u00f3n que fue presentado por un grupo de Constituyentes, ordenando su tramitaci\u00f3n. Esto, luego que la Corte de Apelaciones declarara inadmisible la acci\u00f3n judicial. Sin embargo, el m\u00e1ximo tribunal del pa\u00eds determin\u00f3 lo contrario, revocando dicha decisi\u00f3n. Tras esto, se inicia el proceso en&#8230;<a class=\"btnReadMore\" href=\"https:\/\/www.semanariolocal.cl\/?p=2729\"> Leer M\u00e1s<\/a><\/p>\n","protected":false},"author":1,"featured_media":2730,"comment_status":"closed","ping_status":"closed","sticky":false,"template":"","format":"standard","meta":{"footnotes":""},"categories":[3,6],"tags":[],"class_list":["post-2729","post","type-post","status-publish","format-standard","has-post-thumbnail","hentry","category-al-dia","category-politica"],"_links":{"self":[{"href":"https:\/\/www.semanariolocal.cl\/index.php?rest_route=\/wp\/v2\/posts\/2729","targetHints":{"allow":["GET"]}}],"collection":[{"href":"https:\/\/www.semanariolocal.cl\/index.php?rest_route=\/wp\/v2\/posts"}],"about":[{"href":"https:\/\/www.semanariolocal.cl\/index.php?rest_route=\/wp\/v2\/types\/post"}],"author":[{"embeddable":true,"href":"https:\/\/www.semanariolocal.cl\/index.php?rest_route=\/wp\/v2\/users\/1"}],"replies":[{"embeddable":true,"href":"https:\/\/www.semanariolocal.cl\/index.php?rest_route=%2Fwp%2Fv2%2Fcomments&post=2729"}],"version-history":[{"count":1,"href":"https:\/\/www.semanariolocal.cl\/index.php?rest_route=\/wp\/v2\/posts\/2729\/revisions"}],"predecessor-version":[{"id":2731,"href":"https:\/\/www.semanariolocal.cl\/index.php?rest_route=\/wp\/v2\/posts\/2729\/revisions\/2731"}],"wp:featuredmedia":[{"embeddable":true,"href":"https:\/\/www.semanariolocal.cl\/index.php?rest_route=\/wp\/v2\/media\/2730"}],"wp:attachment":[{"href":"https:\/\/www.semanariolocal.cl\/index.php?rest_route=%2Fwp%2Fv2%2Fmedia&parent=2729"}],"wp:term":[{"taxonomy":"category","embeddable":true,"href":"https:\/\/www.semanariolocal.cl\/index.php?rest_route=%2Fwp%2Fv2%2Fcategories&post=2729"},{"taxonomy":"post_tag","embeddable":true,"href":"https:\/\/www.semanariolocal.cl\/index.php?rest_route=%2Fwp%2Fv2%2Ftags&post=2729"}],"curies":[{"name":"wp","href":"https:\/\/api.w.org\/{rel}","templated":true}]}}