{"id":2726,"date":"2021-10-29T08:56:00","date_gmt":"2021-10-29T11:56:00","guid":{"rendered":"https:\/\/www.semanariolocal.cl\/?p=2726"},"modified":"2021-10-30T00:58:28","modified_gmt":"2021-10-30T03:58:28","slug":"pesquisa-precoz-es-fundamental-para-tratar-un-ataque-cerebrovascular","status":"publish","type":"post","link":"https:\/\/www.semanariolocal.cl\/?p=2726","title":{"rendered":"Pesquisa precoz es fundamental para tratar un Ataque Cerebrovascular"},"content":{"rendered":"\n<p style=\"font-size:17px\">Al a\u00f1o, m\u00e1s de 500 personas son atendidas en los distintos establecimientos del Servicio de Salud Del Reloncav\u00ed por Ataque Cerebrovasculares (ACV), una de las primeras causas de muerte en Chile.<\/p>\n\n\n\n<p style=\"font-size:17px\">Aunque los especialistas se\u00f1alan que los s\u00edntomas de un ACV son f\u00e1cilmente reconocibles, s\u00f3lo el 6% de la poblaci\u00f3n nacional asegura identificarlos.<\/p>\n\n\n\n<p style=\"font-size:17px\">Un Ataque Cerebrovascular se presenta cl\u00ednicamente como un D\u00e9ficit Neurol\u00f3gico Focal de inicio s\u00fabito, es decir, por la p\u00e9rdida brusca de una o m\u00e1s funciones cerebrales. Los s\u00edntomas m\u00e1s comunes son tres:<\/p>\n\n\n\n<p style=\"font-size:17px\">-Par\u00e1lisis de la mitad de la cara (derecha o izquierda).<\/p>\n\n\n\n<p style=\"font-size:17px\">-P\u00e9rdida de fuerza en un brazo o en una mitad del cuerpo.<\/p>\n\n\n\n<p style=\"font-size:17px\">-Dificultad para hablar o hacerse entender.<\/p>\n\n\n\n<p style=\"font-size:17px\">En el D\u00eda Mundial del ACV, que se conmemora cada 29 de octubre, el doctor Jorge Har\u00e1n, Neur\u00f3logo del Hospital Puerto Montt, recalc\u00f3 que \u201cpara nosotros es muy importante la pesquisa precoz, porque el tratamiento es tiempo dependiente. Mientras m\u00e1s precoz sea la consulta, mejores son los resultados de los pacientes\u201d, agregando que \u201clos h\u00e1bitos alimenticios y evitar el tabaquismo, el sedentarismo y la obesidad son factores que inciden en el desarrollo de un accidente cerebrovascular\u201d.<\/p>\n\n\n\n<p style=\"font-size:17px\">Por su parte, el neur\u00f3logo Alejandro Gonz\u00e1lez explic\u00f3 que el Hospital Puerto Montt se ha convertido en el recinto de referencia para toda la zona sur del pa\u00eds, por lo que atienden pacientes derivados incluso desde Valdivia. En ese sentido, el profesional destac\u00f3 que \u201cel tiempo es cerebro, por lo que antes sea la atenci\u00f3n, mejor. La tecnolog\u00eda que nosotros tenemos actualmente permite realizar actos que pueden ayudar a salvar cerebro hasta las 4,5 horas de iniciados los s\u00edntomas, y en unos casos muy espec\u00edficos, hasta las 6 horas de iniciados los s\u00edntomas\u201d.<\/p>\n\n\n\n<p style=\"font-size:17px\">Cabe destacar que un ACV ocurre cuando un trombo ocluye (cierra) una arteria cerebral, interrumpi\u00e9ndose el flujo sangu\u00edneo de una zona del cerebro, o bien cuando una arteria cerebral se rompe, produci\u00e9ndose entonces una hemorragia o \u201cderrame\u201d cerebral. Esta enfermedad provoca secuelas neurol\u00f3gicas, discapacidad y puede producirse a cualquier edad.<\/p>\n","protected":false},"excerpt":{"rendered":"<p>Al a\u00f1o, m\u00e1s de 500 personas son atendidas en los distintos establecimientos del Servicio de Salud Del Reloncav\u00ed por Ataque Cerebrovasculares (ACV), una de las primeras causas de muerte en Chile. Aunque los especialistas se\u00f1alan que los s\u00edntomas de un ACV son f\u00e1cilmente reconocibles, s\u00f3lo el 6% de la poblaci\u00f3n nacional asegura identificarlos. Un Ataque&#8230;<a class=\"btnReadMore\" href=\"https:\/\/www.semanariolocal.cl\/?p=2726\"> Leer M\u00e1s<\/a><\/p>\n","protected":false},"author":1,"featured_media":2727,"comment_status":"closed","ping_status":"closed","sticky":false,"template":"","format":"standard","meta":{"footnotes":""},"categories":[3],"tags":[],"class_list":["post-2726","post","type-post","status-publish","format-standard","has-post-thumbnail","hentry","category-al-dia"],"_links":{"self":[{"href":"https:\/\/www.semanariolocal.cl\/index.php?rest_route=\/wp\/v2\/posts\/2726","targetHints":{"allow":["GET"]}}],"collection":[{"href":"https:\/\/www.semanariolocal.cl\/index.php?rest_route=\/wp\/v2\/posts"}],"about":[{"href":"https:\/\/www.semanariolocal.cl\/index.php?rest_route=\/wp\/v2\/types\/post"}],"author":[{"embeddable":true,"href":"https:\/\/www.semanariolocal.cl\/index.php?rest_route=\/wp\/v2\/users\/1"}],"replies":[{"embeddable":true,"href":"https:\/\/www.semanariolocal.cl\/index.php?rest_route=%2Fwp%2Fv2%2Fcomments&post=2726"}],"version-history":[{"count":1,"href":"https:\/\/www.semanariolocal.cl\/index.php?rest_route=\/wp\/v2\/posts\/2726\/revisions"}],"predecessor-version":[{"id":2728,"href":"https:\/\/www.semanariolocal.cl\/index.php?rest_route=\/wp\/v2\/posts\/2726\/revisions\/2728"}],"wp:featuredmedia":[{"embeddable":true,"href":"https:\/\/www.semanariolocal.cl\/index.php?rest_route=\/wp\/v2\/media\/2727"}],"wp:attachment":[{"href":"https:\/\/www.semanariolocal.cl\/index.php?rest_route=%2Fwp%2Fv2%2Fmedia&parent=2726"}],"wp:term":[{"taxonomy":"category","embeddable":true,"href":"https:\/\/www.semanariolocal.cl\/index.php?rest_route=%2Fwp%2Fv2%2Fcategories&post=2726"},{"taxonomy":"post_tag","embeddable":true,"href":"https:\/\/www.semanariolocal.cl\/index.php?rest_route=%2Fwp%2Fv2%2Ftags&post=2726"}],"curies":[{"name":"wp","href":"https:\/\/api.w.org\/{rel}","templated":true}]}}