{"id":27252,"date":"2025-03-10T09:50:00","date_gmt":"2025-03-10T12:50:00","guid":{"rendered":"https:\/\/www.semanariolocal.cl\/?p=27252"},"modified":"2025-03-11T09:18:38","modified_gmt":"2025-03-11T12:18:38","slug":"gas-a-precio-justo-piden-a-contraloria-iniciar-juicio-de-cuentas-tras-millonarias-perdidas","status":"publish","type":"post","link":"https:\/\/www.semanariolocal.cl\/?p=27252","title":{"rendered":"Gas\u00a0a\u00a0Precio\u00a0Justo:\u00a0piden\u00a0a\u00a0Contralor\u00eda\u00a0iniciar\u00a0juicio de\u00a0cuentas tras millonarias p\u00e9rdidas"},"content":{"rendered":"\n<p><strong><mark style=\"background-color:#abb8c3\" class=\"has-inline-color has-white-color\">10 de marzo del 2025.- <\/mark><\/strong>El subjefe de la Bancada UDI y actual presidente de la comisi\u00f3n de Miner\u00eda y Energ\u00eda de la C\u00e1mara Baja, Marco Antonio Sulantay, anunci\u00f3 que durante la ma\u00f1ana de este lunes solicitar\u00e1 a la Contralor\u00eda General de la Rep\u00fablica iniciar un juicio de cuentas en contra de todas las autoridades -y tambi\u00e9n ex autoridades- que hayan tenido alguna responsabilidad en la implementaci\u00f3n del plan \u201cGas a Precio Justo\u201d, luego que un informe del organismo, dado a conocer en enero pasado, revel\u00f3 que la Subsecretar\u00eda de Energ\u00eda a\u00fan no restituye los $517 millones que la Empresa Nacional del Petr\u00f3leo (Enap) gast\u00f3 por concepto de distribuci\u00f3n, ordenando el inicio de un sumario en la cartera.<\/p>\n\n\n\n<p>Al respecto, el parlamentario gremialista record\u00f3 que fue tras una solicitud que \u00e9l efectu\u00f3 a mediados de 2022 que se conoci\u00f3 que cada cilindro de gas tuvo un costo de $117 mil pesos para el Estado, muy por encima del valor de mercado, lo que deriv\u00f3 en que el Gobierno suspendiera el plan.<\/p>\n\n\n\n<p>Sin embargo, adem\u00e1s del informe de la Contralor\u00eda dado a conocer a principios de a\u00f1o, esta semana el gerente general de Enap, Julio Friedman, revel\u00f3 que desde la empresa le hab\u00edan advertido al Ejecutivo que la distribuci\u00f3n de los cilindros no producir\u00eda \u201cventajas competitivas\u201d y que \u201ciba, muy probablemente, a generar una p\u00e9rdida\u201d y un \u201cda\u00f1o patrimonial a la compa\u00f1\u00eda\u201d, por lo que Sulantay decidi\u00f3 recurrir al organismo contralor solicitando el inicio de un juicio de cuentas, que tiene por objetivo determinar las responsabilidades civiles de todos los funcionarios p\u00fablicos que, por acci\u00f3n u omisi\u00f3n, hayan persistido en una decisi\u00f3n que termin\u00f3 causando un da\u00f1o en el patrimonio fiscal.<\/p>\n\n\n\n<p>\u201cA la luz de todos los antecedentes que hemos conocido durante los \u00faltimos dos a\u00f1os y, sobre todo, esta semana con la exposici\u00f3n del gerente general de Enap en el Congreso, resulta evidente que el Gobierno quiso implementar un programa sabiendo que financieramente no iba a dar el ancho y que, peor a\u00fan, terminar\u00eda generando una millonaria p\u00e9rdida en las arcas fiscales. Las autoridades tienen la obligaci\u00f3n de velar por el eficiente uso de los recursos p\u00fablicos, pero aqu\u00ed pareciera que muchos lo ignoraron s\u00f3lo por un inter\u00e9s pol\u00edtico y electoral, impulsando un proyecto que termin\u00f3 siendo un rotundo fracaso y cuyos costos para el Estado nunca estimaron\u201d, cuestion\u00f3 el legislador, quien a ra\u00edz de lo anterior agreg\u00f3 que \u201cpareciera que una sanci\u00f3n administrativa no ser\u00e1 suficiente dada la magnitud del caso, sino que aqu\u00ed se requerir\u00e1 que las autoridades asuman estas p\u00e9rdidas\u201d.<\/p>\n\n\n\n<p>Pero adem\u00e1s, Sulantay solicitar\u00e1 a la Contralor\u00eda General de la Rep\u00fablica determinar si tambi\u00e9n existi\u00f3 una eventual infracci\u00f3n al principio de legalidad del gasto p\u00fablico, considerando que en dos a\u00f1os la Subsecretar\u00eda de Energ\u00eda a\u00fan no restituye a Enap los $517 millones que terminaron gastando.<\/p>\n\n\n\n<p>Lo anterior, luego que esta misma semana el ministro de Energ\u00eda, Diego Pardow, si bien reconoci\u00f3 que el anterior titular de la cartera, Claudio Huepe, \u201cse comprometi\u00f3 a hacerse cargo de los costos asociados a la implementaci\u00f3n de este piloto, m\u00e1s all\u00e1 incluso de la capitalizaci\u00f3n individual\u201d, advirti\u00f3 que \u201cese compromiso se hizo sin desarrollar un programa presupuesto asociado\u201d, lo que infringir\u00eda&nbsp;el&nbsp;deber&nbsp;que&nbsp;tienen&nbsp;las&nbsp;administraciones&nbsp;de&nbsp;hacer&nbsp;gastos&nbsp;que&nbsp;s\u00f3lo&nbsp;est\u00e9nautorizados&nbsp;por&nbsp;la ley y que, adem\u00e1s, tengan una fuente de financiamiento que los respalde, lo que no habr\u00eda ocurrido.<\/p>\n\n\n\n<p>Por lo mismo, Sulantay calific\u00f3 como \u201cindispensable\u201d que la Contralor\u00eda pueda seguir adelante en su investigaci\u00f3n contra el plan \u201cGas a Precio Justo\u201d, manifestando que \u201ctodo apuntar\u00eda a que existen responsabilidades civiles de quienes ignoraron las advertencias y siguieron adelante con este piloto\u201d.<\/p>\n\n\n\n<p>\u201cCuando las cosas se hacen de manera irresponsable, poco seria y sin ni siquiera estimar todas las consecuencias que pueden generar sus acciones, terminamos en este tipo de casos, donde se despilfarran m\u00e1s de $517 millones sin que nadie se haga responsable, pudiendo haber utilizado estos recursos para financiar otras urgencias sociales en el pa\u00eds. Por eso es indispensable la actuaci\u00f3n de la Contralor\u00eda, porque estamos absolutamente convencidos de que hubo autoridades de gobierno que infringieron sus obligaciones y que, incluso, pudieron haber actuado de manera negligente al desatender las distintas advertencias que se hicieron\u201d, reiter\u00f3 el parlamentario de la Bancada UDI.<\/p>\n","protected":false},"excerpt":{"rendered":"<p>El diputado Marco Antonio Sulantay -presidente de la comisi\u00f3n de Miner\u00eda y Energ\u00eda- solicit\u00f3 perseguir la responsabilidad civil de quienes promovieron el programa, luego que el gerente general de Enap revelara que le advirti\u00f3 al Gobierno del da\u00f1o patrimonial que se generar\u00eda.<\/p>\n","protected":false},"author":1,"featured_media":27253,"comment_status":"closed","ping_status":"closed","sticky":false,"template":"","format":"standard","meta":{"footnotes":""},"categories":[3,9,3816,6],"tags":[2118,337,273,247,133,52],"class_list":["post-27252","post","type-post","status-publish","format-standard","has-post-thumbnail","hentry","category-al-dia","category-gobierno","category-partidos-politicos","category-politica","tag-semanariolocal","tag-informacion","tag-noticias","tag-region-de-los-lagos","tag-semanario-local","tag-udi"],"_links":{"self":[{"href":"https:\/\/www.semanariolocal.cl\/index.php?rest_route=\/wp\/v2\/posts\/27252","targetHints":{"allow":["GET"]}}],"collection":[{"href":"https:\/\/www.semanariolocal.cl\/index.php?rest_route=\/wp\/v2\/posts"}],"about":[{"href":"https:\/\/www.semanariolocal.cl\/index.php?rest_route=\/wp\/v2\/types\/post"}],"author":[{"embeddable":true,"href":"https:\/\/www.semanariolocal.cl\/index.php?rest_route=\/wp\/v2\/users\/1"}],"replies":[{"embeddable":true,"href":"https:\/\/www.semanariolocal.cl\/index.php?rest_route=%2Fwp%2Fv2%2Fcomments&post=27252"}],"version-history":[{"count":2,"href":"https:\/\/www.semanariolocal.cl\/index.php?rest_route=\/wp\/v2\/posts\/27252\/revisions"}],"predecessor-version":[{"id":27256,"href":"https:\/\/www.semanariolocal.cl\/index.php?rest_route=\/wp\/v2\/posts\/27252\/revisions\/27256"}],"wp:featuredmedia":[{"embeddable":true,"href":"https:\/\/www.semanariolocal.cl\/index.php?rest_route=\/wp\/v2\/media\/27253"}],"wp:attachment":[{"href":"https:\/\/www.semanariolocal.cl\/index.php?rest_route=%2Fwp%2Fv2%2Fmedia&parent=27252"}],"wp:term":[{"taxonomy":"category","embeddable":true,"href":"https:\/\/www.semanariolocal.cl\/index.php?rest_route=%2Fwp%2Fv2%2Fcategories&post=27252"},{"taxonomy":"post_tag","embeddable":true,"href":"https:\/\/www.semanariolocal.cl\/index.php?rest_route=%2Fwp%2Fv2%2Ftags&post=27252"}],"curies":[{"name":"wp","href":"https:\/\/api.w.org\/{rel}","templated":true}]}}