{"id":27077,"date":"2025-03-01T11:00:00","date_gmt":"2025-03-01T14:00:00","guid":{"rendered":"https:\/\/www.semanariolocal.cl\/?p=27077"},"modified":"2025-03-03T19:00:56","modified_gmt":"2025-03-03T22:00:56","slug":"este-miercoles-5-de-marzo-se-inician-las-clases-en-osorno","status":"publish","type":"post","link":"https:\/\/www.semanariolocal.cl\/?p=27077","title":{"rendered":"Este mi\u00e9rcoles 5 de Marzo se inician las clases en Osorno"},"content":{"rendered":"\n<p><strong><mark style=\"background-color:#abb8c3\" class=\"has-inline-color has-white-color\">01 de marzo del 2025.- <\/mark><\/strong>La fecha de inicio de clases en la comuna de Osorno considera tambi\u00e9n a los alumnos del Liceo Bicentenario de Excelencia Carmela Carvajal de Prat, que estrenar\u00e1n nuevas dependencias en calle Manuel Antonio Matta #760, establecimiento que funcionar\u00e1 en doble jornada.<\/p>\n\n\n\n<p>As\u00ed se inform\u00f3 que los s\u00e9ptimos y octavos b\u00e1sicos, adem\u00e1s de los terceros y cuartos medio tendr\u00e1n clases en la ma\u00f1ana, de 8.00 a 13.20 horas, mientras que los primeros y segundos medio har\u00e1n lo propio en de tarde, entre las 14.00 a 19.20 horas.<\/p>\n\n\n\n<p>Al respecto el jefe comunal, Jaime Bertin, se\u00f1al\u00f3 que \u201c<strong><em>conforme nos hemos comprometido, este 2025 el Liceo Carmela Carvajal de Prat inicia sus clases en un recinto exclusivo para ellos. La planificaci\u00f3n se ha ido cumpliendo al pie de la letra, comenzando con la habilitaci\u00f3n de las aulas modulares, sum\u00e1ndose los d\u00edas posteriores el mobiliario para los escolares<\/em><\/strong>\u201d.<\/p>\n\n\n\n<p>Asimismo, dijo Bertin, \u201c<strong><em>continuaremos trabajando y dando prioridad al proyecto que nos permita tener el recinto definitivo, ya que en s\u00f3lo 3 meses de gesti\u00f3n hemos avanzado firmemente, lo cual como municipio seguiremos haciendo. En ese sentido el emblem\u00e1tico establecimiento iniciar\u00e1 sus clases, conforme a lo estipulado por Calendario Escolar, vale decir, el pr\u00f3ximo mi\u00e9rcoles 5 de marzo<\/em><\/strong>\u201d.<\/p>\n\n\n\n<p>En tanto, desde el Departamento de Administraci\u00f3n de Educaci\u00f3n Municipal (DAEM), su director (r) Juan Caro Peralta, se refiri\u00f3 al ingreso general de los establecimientos dependientes de la casa edilicia local, destacando que \u201c<strong><em>de las 40 unidades pedag\u00f3gicas de Ense\u00f1anza B\u00e1sica y Media, 38 ingresan el pr\u00f3ximo mi\u00e9rcoles 5 de marzo, seg\u00fan lo previsto, y a contar de las 8 de la ma\u00f1ana\u201d. <\/em><\/strong>Dijo tambi\u00e9n que se ha considerado el funcionamiento de los buses de transporte rural, inversi\u00f3n de m\u00e1s de $300 millones de pesos.<\/p>\n\n\n\n<p>En cuanto a los dos establecimientos que postergaron su ingreso hasta el d\u00eda lunes 10 de marzo, Caro explic\u00f3 que, \u201c<strong><em>esto se debe al aplazamiento en los tiempos de ejecuci\u00f3n de obras de mejoramiento de la infraestructura escolar, donde nuestro deber, tambi\u00e9n es velar por la integridad de las y los estudiantes, docentes y asistentes de la Educaci\u00f3n, defini\u00e9ndose el retraso en su ingreso a las aulas, en una semana y media m\u00e1s<\/em><\/strong>\u201d.<\/p>\n","protected":false},"excerpt":{"rendered":"<p>A excepci\u00f3n de la Escuela Rural Emilio Surber, y Escuela Fundaci\u00f3n Paul Harris, que comenzar\u00e1n su a\u00f1o escolar el lunes 10 de marzo.<\/p>\n","protected":false},"author":1,"featured_media":27078,"comment_status":"closed","ping_status":"closed","sticky":false,"template":"","format":"standard","meta":{"footnotes":""},"categories":[3,8,11,3597],"tags":[2118,337,273,247,133],"class_list":["post-27077","post","type-post","status-publish","format-standard","has-post-thumbnail","hentry","category-al-dia","category-comunas","category-educacion","category-municipalidad","tag-semanariolocal","tag-informacion","tag-noticias","tag-region-de-los-lagos","tag-semanario-local"],"_links":{"self":[{"href":"https:\/\/www.semanariolocal.cl\/index.php?rest_route=\/wp\/v2\/posts\/27077","targetHints":{"allow":["GET"]}}],"collection":[{"href":"https:\/\/www.semanariolocal.cl\/index.php?rest_route=\/wp\/v2\/posts"}],"about":[{"href":"https:\/\/www.semanariolocal.cl\/index.php?rest_route=\/wp\/v2\/types\/post"}],"author":[{"embeddable":true,"href":"https:\/\/www.semanariolocal.cl\/index.php?rest_route=\/wp\/v2\/users\/1"}],"replies":[{"embeddable":true,"href":"https:\/\/www.semanariolocal.cl\/index.php?rest_route=%2Fwp%2Fv2%2Fcomments&post=27077"}],"version-history":[{"count":1,"href":"https:\/\/www.semanariolocal.cl\/index.php?rest_route=\/wp\/v2\/posts\/27077\/revisions"}],"predecessor-version":[{"id":27079,"href":"https:\/\/www.semanariolocal.cl\/index.php?rest_route=\/wp\/v2\/posts\/27077\/revisions\/27079"}],"wp:featuredmedia":[{"embeddable":true,"href":"https:\/\/www.semanariolocal.cl\/index.php?rest_route=\/wp\/v2\/media\/27078"}],"wp:attachment":[{"href":"https:\/\/www.semanariolocal.cl\/index.php?rest_route=%2Fwp%2Fv2%2Fmedia&parent=27077"}],"wp:term":[{"taxonomy":"category","embeddable":true,"href":"https:\/\/www.semanariolocal.cl\/index.php?rest_route=%2Fwp%2Fv2%2Fcategories&post=27077"},{"taxonomy":"post_tag","embeddable":true,"href":"https:\/\/www.semanariolocal.cl\/index.php?rest_route=%2Fwp%2Fv2%2Ftags&post=27077"}],"curies":[{"name":"wp","href":"https:\/\/api.w.org\/{rel}","templated":true}]}}