{"id":26982,"date":"2025-02-24T08:55:00","date_gmt":"2025-02-24T11:55:00","guid":{"rendered":"https:\/\/www.semanariolocal.cl\/?p=26982"},"modified":"2025-02-27T18:55:27","modified_gmt":"2025-02-27T21:55:27","slug":"del-encierro-y-otros-relatos-la-tension-que-se-oculta-en-lo-cotidiano","status":"publish","type":"post","link":"https:\/\/www.semanariolocal.cl\/?p=26982","title":{"rendered":"\u00abDel encierro y otros relatos\u00bb: La tensi\u00f3n que se oculta en lo cotidiano"},"content":{"rendered":"\n<p><strong><mark style=\"background-color:#abb8c3\" class=\"has-inline-color has-white-color\">24 de febrero del 2025.- <\/mark><em>Del encierro y otros relatos<\/em><\/strong>\u00a0de Marcia Villarroel es una recopilaci\u00f3n de historias que nos invita a recorrer un universo en el que los personajes revelan m\u00e1s de lo que parece a simple vista. Desde lo corriente hasta lo fant\u00e1stico, la autora despliega una diversidad de locaciones y \u00e9pocas que conducen al lector por caminos inesperados, explorando voces y emociones que persisten mucho despu\u00e9s de cerrar el libro.<\/p>\n\n\n\n<p>Sus relatos, con una prosa sigilosa y envolvente, se instalan bajo la piel, dejando una huella indeleble en la memoria de quien se atreva a descubrir lo que acecha entre sus l\u00edneas.<\/p>\n\n\n\n<p>Marcia Villarroel Aguirre es cientista pol\u00edtica de la Universidad de Chile. Durante m\u00e1s de 25 a\u00f1os se desempe\u00f1\u00f3 como traductora e int\u00e9rprete en la Organizaci\u00f3n de Aviaci\u00f3n Civil Internacional de Naciones Unidas en Montreal, Canad\u00e1. Su vasta experiencia de vida, enriquecida por sus viajes a diversas partes del mundo, se refleja en la riqueza y diversidad de sus relatos, inspirados en vivencias reales y en su aguda observaci\u00f3n del ser humano.<\/p>\n\n\n\n<p><strong><em>Del encierro y otros relatos<\/em><\/strong>&nbsp;est\u00e1 disponible en librer\u00edas y en formato digital. &nbsp;Su libro invita a sumergirse en una propuesta literaria inquietante y reveladora.<\/p>\n","protected":false},"excerpt":{"rendered":"<p>El nuevo libro de cuentos de Marcia Villarroel Aguirre, una obra que sumerge al lector en atm\u00f3sferas llenas de tensi\u00f3n, donde lo invisible cobra vida y lo cotidiano se convierte en una amenaza latente.<\/p>\n","protected":false},"author":1,"featured_media":26983,"comment_status":"closed","ping_status":"closed","sticky":false,"template":"","format":"standard","meta":{"footnotes":""},"categories":[3,10,2431],"tags":[2118,337,3905,273,247,133],"class_list":["post-26982","post","type-post","status-publish","format-standard","has-post-thumbnail","hentry","category-al-dia","category-cultura","category-literatura","tag-semanariolocal","tag-informacion","tag-marcia-villarroel","tag-noticias","tag-region-de-los-lagos","tag-semanario-local"],"_links":{"self":[{"href":"https:\/\/www.semanariolocal.cl\/index.php?rest_route=\/wp\/v2\/posts\/26982","targetHints":{"allow":["GET"]}}],"collection":[{"href":"https:\/\/www.semanariolocal.cl\/index.php?rest_route=\/wp\/v2\/posts"}],"about":[{"href":"https:\/\/www.semanariolocal.cl\/index.php?rest_route=\/wp\/v2\/types\/post"}],"author":[{"embeddable":true,"href":"https:\/\/www.semanariolocal.cl\/index.php?rest_route=\/wp\/v2\/users\/1"}],"replies":[{"embeddable":true,"href":"https:\/\/www.semanariolocal.cl\/index.php?rest_route=%2Fwp%2Fv2%2Fcomments&post=26982"}],"version-history":[{"count":2,"href":"https:\/\/www.semanariolocal.cl\/index.php?rest_route=\/wp\/v2\/posts\/26982\/revisions"}],"predecessor-version":[{"id":26985,"href":"https:\/\/www.semanariolocal.cl\/index.php?rest_route=\/wp\/v2\/posts\/26982\/revisions\/26985"}],"wp:featuredmedia":[{"embeddable":true,"href":"https:\/\/www.semanariolocal.cl\/index.php?rest_route=\/wp\/v2\/media\/26983"}],"wp:attachment":[{"href":"https:\/\/www.semanariolocal.cl\/index.php?rest_route=%2Fwp%2Fv2%2Fmedia&parent=26982"}],"wp:term":[{"taxonomy":"category","embeddable":true,"href":"https:\/\/www.semanariolocal.cl\/index.php?rest_route=%2Fwp%2Fv2%2Fcategories&post=26982"},{"taxonomy":"post_tag","embeddable":true,"href":"https:\/\/www.semanariolocal.cl\/index.php?rest_route=%2Fwp%2Fv2%2Ftags&post=26982"}],"curies":[{"name":"wp","href":"https:\/\/api.w.org\/{rel}","templated":true}]}}