{"id":26979,"date":"2025-02-24T10:00:00","date_gmt":"2025-02-24T13:00:00","guid":{"rendered":"https:\/\/www.semanariolocal.cl\/?p=26979"},"modified":"2025-02-27T18:44:34","modified_gmt":"2025-02-27T21:44:34","slug":"mutilacion-genital-y-la-episiotomia-un-llamado-a-respetar-los-derechos-de-las-mujeres","status":"publish","type":"post","link":"https:\/\/www.semanariolocal.cl\/?p=26979","title":{"rendered":"Mutilaci\u00f3n genital y la episiotom\u00eda: un llamado a respetar los derechos de las mujeres"},"content":{"rendered":"\n<p><strong><mark style=\"background-color:#abb8c3\" class=\"has-inline-color has-white-color\">24 de Febrero del 2025.-<\/mark><\/strong> Detr\u00e1s de cada cifra estad\u00edstica hay historias personales de dolor, resistencia y esperanza. La MGF no es solo un procedimiento, es una herida profunda que traspasa lo f\u00edsico. Imaginen un acto que lesiona los genitales femeninos sin ning\u00fan beneficio m\u00e9dico, causando no solo da\u00f1o inmediato, sino consecuencias que perduran toda la vida: hemorragias que amenazan la supervivencia, infecciones que minan la salud, complicaciones obst\u00e9tricas que transforman un momento de vida en una experiencia traum\u00e1tica.<\/p>\n\n\n\n<p>Esta pr\u00e1ctica, arraigada en tradiciones culturales, es mucho m\u00e1s que un ritual: es un mecanismo de control y dominaci\u00f3n. Representa una forma extrema de discriminaci\u00f3n que silencia y somete la sexualidad femenina.<\/p>\n\n\n\n<p>En este mismo contexto, volteamos nuestra mirada a la pr\u00e1ctica occidental de la episiotom\u00eda de rutina (corte realizado en el perineo durante el parto). Aunque parezca distante de la mutilaci\u00f3n genital femenina, comparte un mismo n\u00facleo: la intervenci\u00f3n sobre el cuerpo de la mujer sin su consentimiento pleno. Realizada sistem\u00e1ticamente durante d\u00e9cadas, hoy sabemos que, lejos de prevenir da\u00f1os, puede provocarlos: dolor cr\u00f3nico, cicatrices que alteran la sensibilidad, riesgo de infecciones y disfunci\u00f3n sexual.<\/p>\n\n\n\n<p>Ambas pr\u00e1cticas revelan un trasfondo com\u00fan: normas patriarcales que justifican la intervenci\u00f3n sobre los cuerpos femeninos mediante tradiciones m\u00e9dicas o culturales carentes de base cient\u00edfica. Conceptos como \u00abrestaurar la virginidad\u00bb despu\u00e9s del parto no son m\u00e1s que vestigios de un sistema que busca controlar y definir la sexualidad femenina.<\/p>\n\n\n\n<p>Es urgente promover un cambio cultural y profesional que abandone estas intervenciones da\u00f1inas, priorizando pr\u00e1cticas basadas en evidencia cient\u00edfica. El uso de t\u00e9cnicas como el masaje perineal, las compresas tibias, t\u00e9cnicas de suturas actualizadas y materiales adecuados puede reducir las complicaciones y mejorar la experiencia del parto.<\/p>\n\n\n\n<p>Nuestra meta no es solo erradicar pr\u00e1cticas da\u00f1inas, sino construir un futuro donde los derechos de las mujeres sean inalienables. Donde cada mujer pueda decidir sobre su propio cuerpo. Donde la dignidad no sea un privilegio, sino un derecho fundamental.<\/p>\n\n\n\n<p>Juntas y juntos podemos lograrlo. La transformaci\u00f3n comienza con la conciencia, la empat\u00eda y el compromiso.<\/p>\n\n\n\n<p><strong>Mar\u00eda Carolina Rodr\u00edguez Dom\u00ednguez &#8211; Directora Escuela Obstetricia &#8211; Universidad Andr\u00e9s Bello<\/strong><\/p>\n","protected":false},"excerpt":{"rendered":"<p>El D\u00eda Internacional de la Tolerancia Cero contra la Mutilaci\u00f3n Genital Femenina (MGF), que se conmemor\u00f3 el pasado 6 de febrero, busca defender la integridad y dignidad de las mujeres y ni\u00f1as.<\/p>\n","protected":false},"author":1,"featured_media":26980,"comment_status":"closed","ping_status":"closed","sticky":false,"template":"","format":"standard","meta":{"footnotes":""},"categories":[3,3843,7,2484],"tags":[2118,337,273,247,133,1822],"class_list":["post-26979","post","type-post","status-publish","format-standard","has-post-thumbnail","hentry","category-al-dia","category-derechos-sociales","category-opinion","category-salud","tag-semanariolocal","tag-informacion","tag-noticias","tag-region-de-los-lagos","tag-semanario-local","tag-universidad-andres-bello"],"_links":{"self":[{"href":"https:\/\/www.semanariolocal.cl\/index.php?rest_route=\/wp\/v2\/posts\/26979","targetHints":{"allow":["GET"]}}],"collection":[{"href":"https:\/\/www.semanariolocal.cl\/index.php?rest_route=\/wp\/v2\/posts"}],"about":[{"href":"https:\/\/www.semanariolocal.cl\/index.php?rest_route=\/wp\/v2\/types\/post"}],"author":[{"embeddable":true,"href":"https:\/\/www.semanariolocal.cl\/index.php?rest_route=\/wp\/v2\/users\/1"}],"replies":[{"embeddable":true,"href":"https:\/\/www.semanariolocal.cl\/index.php?rest_route=%2Fwp%2Fv2%2Fcomments&post=26979"}],"version-history":[{"count":1,"href":"https:\/\/www.semanariolocal.cl\/index.php?rest_route=\/wp\/v2\/posts\/26979\/revisions"}],"predecessor-version":[{"id":26981,"href":"https:\/\/www.semanariolocal.cl\/index.php?rest_route=\/wp\/v2\/posts\/26979\/revisions\/26981"}],"wp:featuredmedia":[{"embeddable":true,"href":"https:\/\/www.semanariolocal.cl\/index.php?rest_route=\/wp\/v2\/media\/26980"}],"wp:attachment":[{"href":"https:\/\/www.semanariolocal.cl\/index.php?rest_route=%2Fwp%2Fv2%2Fmedia&parent=26979"}],"wp:term":[{"taxonomy":"category","embeddable":true,"href":"https:\/\/www.semanariolocal.cl\/index.php?rest_route=%2Fwp%2Fv2%2Fcategories&post=26979"},{"taxonomy":"post_tag","embeddable":true,"href":"https:\/\/www.semanariolocal.cl\/index.php?rest_route=%2Fwp%2Fv2%2Ftags&post=26979"}],"curies":[{"name":"wp","href":"https:\/\/api.w.org\/{rel}","templated":true}]}}