{"id":2696,"date":"2021-10-27T06:50:00","date_gmt":"2021-10-27T09:50:00","guid":{"rendered":"https:\/\/www.semanariolocal.cl\/?p=2696"},"modified":"2021-10-27T00:07:03","modified_gmt":"2021-10-27T03:07:03","slug":"seminarios-participativos-en-tres-regiones-analizaron-el-presente-y-futuro-de-la-ciencia","status":"publish","type":"post","link":"https:\/\/www.semanariolocal.cl\/?p=2696","title":{"rendered":"Seminarios participativos en tres regiones analizaron el presente y futuro de la Ciencia"},"content":{"rendered":"\n<p style=\"font-size:17px\">Con la finalidad de analizar la realidad y los desaf\u00edos territoriales en materia CTCi, se realiz\u00f3 un ciclo de Seminarios Regionales en La Araucan\u00eda, Los R\u00edos y Los Lagos, que contaron con participantes del mundo p\u00fablico-privado, de la academia y de la sociedad civil de las tres regiones.&nbsp; Estas instancias se enmarcaron en el trabajo realizado por el Nodo Conexi\u00f3n Sur, proyecto participativo donde convergen las Universidades de La Frontera, Cat\u00f3lica de Temuco, Austral de Chile y&nbsp; Los Lagos, y que es apoyado desde la Agencia Nacional de Investigaci\u00f3n y Desarrollo (ANID) y patrocinado por el Ministerio de Ciencias, con el objetivo de plasmar desde la confianza y las redes, una hoja de ruta conjunta para la aceleraci\u00f3n de la CTCi en la macrorregi\u00f3n, con la m\u00e1s amplia participaci\u00f3n de sus principales instituciones, empresas y actores sociales.<\/p>\n\n\n\n<p style=\"font-size:17px\">Uno de los prop\u00f3sitos de estos encuentros fue reunir a diferentes actores del mundo p\u00fablico-privado, de la academia y de la sociedad civil de estos territorios, con la finalidad de realizar un an\u00e1lisis de los diagn\u00f3sticos levantados para cada regi\u00f3n, dando a conocer propuestas para mejorar los diversos indicadores como la capacidad de innovaci\u00f3n, los actores clave, la relaci\u00f3n con la econom\u00eda regional, ver el estado de las actuales pol\u00edticas en materia de CTCi, entre otros.<\/p>\n\n\n\n<p style=\"font-size:17px\">Posteriormente, los asistentes se dividieron en grupos de trabajo donde se analizaron aspectos clave en tem\u00e1ticas como Desaf\u00edos Sociales, Culturales e Interculturales, Revoluci\u00f3n Tecnol\u00f3gica e Industria 4.0 y Sostenibilidad, oportunidad que permiti\u00f3 el intercambio de ideas y propuestas, aprovechando la amplia mirada de los asistentes.<\/p>\n\n\n\n<p style=\"font-size:17px\">El acad\u00e9mico del Departamento de Ciencias Sociales de UFRO y Coordinador del proceso de Diagn\u00f3stico del Nodo Conexi\u00f3n Sur, Dr. Ronald Cancino, coment\u00f3 la importancia de este proceso, el que ha permitido compartir hallazgos importantes para las tres regiones vinculadas, en materia econ\u00f3mica, capacidad de innovaci\u00f3n, desequilibrios territoriales, entre otros temas. \u201cHan sido jornadas de discusi\u00f3n participativa para definir desaf\u00edos, brechas y actores relevantes en torno los planteamientos del proyecto y construir la hoja de ruta. Lo que viene ahora es la sistematizaci\u00f3n de los estudios y propuestas que emergen en las tres regiones, lo cual estar\u00e1 plasmado en un solo documento que ser\u00e1 compartido con todos los participantes\u201d, explic\u00f3 el Coordinador.<\/p>\n\n\n\n<p style=\"font-size:17px\">La directora de Innovaci\u00f3n y Transferencia Tecnol\u00f3gica de la Universidad Cat\u00f3lica de Temuco, Dra. Patricia Oliveira, indic\u00f3 que el Nodo Conexi\u00f3n Sur es un proyecto \u00fanico en su especie ya que es una iniciativa que tiene la capacidad de unificar todos los estamentos de la sociedad con un prop\u00f3sito com\u00fan: potenciar propuestas en ciencia, tecnolog\u00eda, conocimiento e innovaci\u00f3n desde las perspectivas de la academia, la empresa, el sector p\u00fablico y la sociedad civil. \u201cLos talleres que hemos realizados han tenido un \u00e9xito que super\u00f3 mis expectativas y hemos podido recolectar opiniones, ideas, sugerencias e inquietudes que servir\u00e1n de pauta para que desarrollemos una hoja de ruta especial, rica en detalles, pero, sobre todo, realista para que as\u00ed establezcamos una l\u00ednea base digna de atenci\u00f3n hacia nuestra macrozona sur de Chile\u201d.<\/p>\n\n\n\n<p style=\"font-size:17px\">Por su parte Francisco Valencia, acad\u00e9mico del Instituto Administraci\u00f3n de la Facultad de Ciencias Econ\u00f3micas y Administrativas de la Universidad Austral de Chile, sostuvo que los resultados de la etapa de diagn\u00f3stico del Nodo Conexi\u00f3n Sur \u201cnos sirven de gu\u00eda para articularnos y vincularnos en torno a las brechas transversales que tenemos como territorio. El trabajo colaborativo que se est\u00e1 desarrollando, es s\u00f3lo el comienzo, y nos invita a crear un futuro compartido, que por un lado recoja y se haga cargo de los grandes desaf\u00edos que tenemos c\u00f3mo territorio, para incorporarlos en las agendas, estrategias y pol\u00edticas regionales, y que por otro lado tiene el tremendo potencial de ir construyendo una identidad, un imaginario que se transforme en un sello diferenciador y de valor del sur de Chile\u201d, dijo el acad\u00e9mico.<\/p>\n\n\n\n<p style=\"font-size:17px\">Por \u00faltimo, la directora de Investigaci\u00f3n de Ulagos, Sandra R\u00edos, indic\u00f3 que este seminario taller logr\u00f3 articular las demandas del sector productivo, sociedad civil, \u00e1mbito p\u00fablico y de la academia con el objetivo de definir los desaf\u00edos en CTCi para la regi\u00f3n de Los Lagos en el marco del Nodo Conexi\u00f3n Sur. \u201cEste di\u00e1logo con actores clave de diversos sectores del aparato socio-productivo de la regi\u00f3n, nos permitir\u00e1 desarrollar una plataforma colaborativa que tiene como finalidad, la aceleraci\u00f3n del impacto territorial de iniciativas que tengan potencial para contribuir al desarrollo regional. Es por ello que este Nodo se ha planteado definir una hoja de ruta participativa para los pr\u00f3ximos a\u00f1os que contenga una cartera de proyectos que respondan a los problemas reales del territorio\u201d.<\/p>\n","protected":false},"excerpt":{"rendered":"<p>Con la finalidad de analizar la realidad y los desaf\u00edos territoriales en materia CTCi, se realiz\u00f3 un ciclo de Seminarios Regionales en La Araucan\u00eda, Los R\u00edos y Los Lagos, que contaron con participantes del mundo p\u00fablico-privado, de la academia y de la sociedad civil de las tres regiones.&nbsp; Estas instancias se enmarcaron en el trabajo&#8230;<a class=\"btnReadMore\" href=\"https:\/\/www.semanariolocal.cl\/?p=2696\"> Leer M\u00e1s<\/a><\/p>\n","protected":false},"author":1,"featured_media":2697,"comment_status":"closed","ping_status":"closed","sticky":false,"template":"","format":"standard","meta":{"footnotes":""},"categories":[3,12],"tags":[],"class_list":["post-2696","post","type-post","status-publish","format-standard","has-post-thumbnail","hentry","category-al-dia","category-economia"],"_links":{"self":[{"href":"https:\/\/www.semanariolocal.cl\/index.php?rest_route=\/wp\/v2\/posts\/2696","targetHints":{"allow":["GET"]}}],"collection":[{"href":"https:\/\/www.semanariolocal.cl\/index.php?rest_route=\/wp\/v2\/posts"}],"about":[{"href":"https:\/\/www.semanariolocal.cl\/index.php?rest_route=\/wp\/v2\/types\/post"}],"author":[{"embeddable":true,"href":"https:\/\/www.semanariolocal.cl\/index.php?rest_route=\/wp\/v2\/users\/1"}],"replies":[{"embeddable":true,"href":"https:\/\/www.semanariolocal.cl\/index.php?rest_route=%2Fwp%2Fv2%2Fcomments&post=2696"}],"version-history":[{"count":1,"href":"https:\/\/www.semanariolocal.cl\/index.php?rest_route=\/wp\/v2\/posts\/2696\/revisions"}],"predecessor-version":[{"id":2698,"href":"https:\/\/www.semanariolocal.cl\/index.php?rest_route=\/wp\/v2\/posts\/2696\/revisions\/2698"}],"wp:featuredmedia":[{"embeddable":true,"href":"https:\/\/www.semanariolocal.cl\/index.php?rest_route=\/wp\/v2\/media\/2697"}],"wp:attachment":[{"href":"https:\/\/www.semanariolocal.cl\/index.php?rest_route=%2Fwp%2Fv2%2Fmedia&parent=2696"}],"wp:term":[{"taxonomy":"category","embeddable":true,"href":"https:\/\/www.semanariolocal.cl\/index.php?rest_route=%2Fwp%2Fv2%2Fcategories&post=2696"},{"taxonomy":"post_tag","embeddable":true,"href":"https:\/\/www.semanariolocal.cl\/index.php?rest_route=%2Fwp%2Fv2%2Ftags&post=2696"}],"curies":[{"name":"wp","href":"https:\/\/api.w.org\/{rel}","templated":true}]}}