{"id":2693,"date":"2021-10-27T06:55:00","date_gmt":"2021-10-27T09:55:00","guid":{"rendered":"https:\/\/www.semanariolocal.cl\/?p=2693"},"modified":"2021-10-27T00:04:10","modified_gmt":"2021-10-27T03:04:10","slug":"diputado-espinoza-pide-investigacion-en-muerte-de-trabajador-de-llanquihue","status":"publish","type":"post","link":"https:\/\/www.semanariolocal.cl\/?p=2693","title":{"rendered":"Diputado Espinoza pide investigaci\u00f3n en muerte de trabajador de Llanquihue"},"content":{"rendered":"\n<p style=\"font-size:17px\">El diputado socialista por el Distrito 25, Fidel Espinoza Sandoval, solicit\u00f3 a la Direcci\u00f3n del Trabajo de la Regi\u00f3n de Los Lagos y al Ministerio de Salud investigar la muerte de Joshua Ferrada Gonz\u00e1lez, trabajador de la empresa F1 Services &amp; Solutions que presta servicios a VTR, quien falleci\u00f3 producto de una fuerte descarga el\u00e9ctrica en la comuna de Llanquihue.<\/p>\n\n\n\n<p style=\"font-size:17px\">Junto con enviar las condolencias a la familia, el parlamentario lament\u00f3 profundamente la muerte del joven trabajador de 28 a\u00f1os. \u201cEsta situaci\u00f3n se pudo haber evitado si se hubiesen adoptado las medidas de seguridad adecuadas. Esto se suma a una serie de accidentes laborales con resultado de muerte en nuestra regi\u00f3n\u201d, afirm\u00f3.<\/p>\n\n\n\n<p style=\"font-size:17px\">Para Espinoza, algunos empresarios a\u00fan no entienden que la seguridad de los trabajadores es fundamental. \u201cEstamos cansados de que semana a semana muera un trabajador o tenga alguna extremidad amputada por escasas o nulas medidas de seguridad\u201d, expres\u00f3.<\/p>\n\n\n\n<p style=\"font-size:17px\">En esa l\u00ednea, el ex presidente de la C\u00e1mara de Diputados dijo que \u201cmi rol fiscalizador siempre lo he cumplido a cabalidad, para perseguir las responsabilidades, y esta ocasi\u00f3n no ha sido la excepci\u00f3n\u201d.<\/p>\n\n\n\n<p style=\"font-size:17px\">Finalmente, el diputado socialista solicit\u00f3 oficios de fiscalizaci\u00f3n a la Direcci\u00f3n del Trabajo, con el objetivo de conocer las razones que provocaron este fatal accidente, y al Ministerio de Salud, a trav\u00e9s de la Serem\u00eda Regi\u00f3n de Los Lagos, para que se entreguen los informes que den cuenta de las condiciones reales en que se desempe\u00f1aba el trabajador. &nbsp;<\/p>\n","protected":false},"excerpt":{"rendered":"<p>El diputado socialista por el Distrito 25, Fidel Espinoza Sandoval, solicit\u00f3 a la Direcci\u00f3n del Trabajo de la Regi\u00f3n de Los Lagos y al Ministerio de Salud investigar la muerte de Joshua Ferrada Gonz\u00e1lez, trabajador de la empresa F1 Services &amp; Solutions que presta servicios a VTR, quien falleci\u00f3 producto de una fuerte descarga el\u00e9ctrica&#8230;<a class=\"btnReadMore\" href=\"https:\/\/www.semanariolocal.cl\/?p=2693\"> Leer M\u00e1s<\/a><\/p>\n","protected":false},"author":1,"featured_media":2694,"comment_status":"closed","ping_status":"closed","sticky":false,"template":"","format":"standard","meta":{"footnotes":""},"categories":[3,6],"tags":[],"class_list":["post-2693","post","type-post","status-publish","format-standard","has-post-thumbnail","hentry","category-al-dia","category-politica"],"_links":{"self":[{"href":"https:\/\/www.semanariolocal.cl\/index.php?rest_route=\/wp\/v2\/posts\/2693","targetHints":{"allow":["GET"]}}],"collection":[{"href":"https:\/\/www.semanariolocal.cl\/index.php?rest_route=\/wp\/v2\/posts"}],"about":[{"href":"https:\/\/www.semanariolocal.cl\/index.php?rest_route=\/wp\/v2\/types\/post"}],"author":[{"embeddable":true,"href":"https:\/\/www.semanariolocal.cl\/index.php?rest_route=\/wp\/v2\/users\/1"}],"replies":[{"embeddable":true,"href":"https:\/\/www.semanariolocal.cl\/index.php?rest_route=%2Fwp%2Fv2%2Fcomments&post=2693"}],"version-history":[{"count":1,"href":"https:\/\/www.semanariolocal.cl\/index.php?rest_route=\/wp\/v2\/posts\/2693\/revisions"}],"predecessor-version":[{"id":2695,"href":"https:\/\/www.semanariolocal.cl\/index.php?rest_route=\/wp\/v2\/posts\/2693\/revisions\/2695"}],"wp:featuredmedia":[{"embeddable":true,"href":"https:\/\/www.semanariolocal.cl\/index.php?rest_route=\/wp\/v2\/media\/2694"}],"wp:attachment":[{"href":"https:\/\/www.semanariolocal.cl\/index.php?rest_route=%2Fwp%2Fv2%2Fmedia&parent=2693"}],"wp:term":[{"taxonomy":"category","embeddable":true,"href":"https:\/\/www.semanariolocal.cl\/index.php?rest_route=%2Fwp%2Fv2%2Fcategories&post=2693"},{"taxonomy":"post_tag","embeddable":true,"href":"https:\/\/www.semanariolocal.cl\/index.php?rest_route=%2Fwp%2Fv2%2Ftags&post=2693"}],"curies":[{"name":"wp","href":"https:\/\/api.w.org\/{rel}","templated":true}]}}