{"id":26921,"date":"2025-02-26T22:07:22","date_gmt":"2025-02-27T01:07:22","guid":{"rendered":"https:\/\/www.semanariolocal.cl\/?p=26921"},"modified":"2025-02-26T22:07:23","modified_gmt":"2025-02-27T01:07:23","slug":"alcalde-bertin-se-reunio-con-directores-de-establecimientos-educacionales","status":"publish","type":"post","link":"https:\/\/www.semanariolocal.cl\/?p=26921","title":{"rendered":"Alcalde Bert\u00edn se reuni\u00f3 con Directores de establecimientos educacionales"},"content":{"rendered":"\n<p><mark style=\"background-color:#abb8c3\" class=\"has-inline-color has-white-color\"><strong>26 de Febrero del 2025.- <\/strong><\/mark>Con objeto de unificar criterios y voluntades, previo al inicio del a\u00f1o escolar 2025, la m\u00e1xima autoridad comunal, Jaime Bertin junto al equipo directivo del Departamento de Administraci\u00f3n de la Educaci\u00f3n Municipal (DAEM), se reuni\u00f3 con los representantes de los 40 establecimientos de Educaci\u00f3n B\u00e1sica y Media Municipal de la comuna, junto con refrendar el compromiso edilicio con cada una de las comunidades educativas, llam\u00e1ndolos a <strong><em>\u201ccontinuar trabajando por hacer de la Educaci\u00f3n Municipal, una formaci\u00f3n integral, donde la prioridad sean las y los ni\u00f1os de Osorno\u201d.<\/em><\/strong><\/p>\n\n\n\n<p>En este sentido, a\u00f1adi\u00f3 Bertin,<strong><em>\u201cpara nosotros como Municipio y sostenedor de la Educaci\u00f3n P\u00fablica local, era necesario sostener esta reuni\u00f3n informativa que nos permitiese definir los nuevos lineamientos de trabajo, donde el foco debe ser el estudiante y su bienestar, tanto en la formaci\u00f3n pedag\u00f3gica como en cuanto a la infraestructura escolar, por eso hemos comprometido una nueva reuni\u00f3n de trabajo que nos permita continuar uniendo voluntades y definir lineamientos que permitan mejorar la gesti\u00f3n de los recursos educativos\u201d<\/em><\/strong>.<\/p>\n\n\n\n<p>Cabe destacar, a\u00f1adi\u00f3 la m\u00e1xima autoridad comunal, que<strong><em>, \u201crecursos econ\u00f3micos tienen las Escuelas, Liceos e Institutos Municipales de Osorno, para levantar una cartera de proyectos importante, con objeto de fortalecer los procesos de ense\u00f1anza-aprendizaje, a trav\u00e9s del mejoramiento del material pedag\u00f3gico, el compromiso docente, infraestructura \u00f3ptima que los reciba y tambi\u00e9n una mayor vinculaci\u00f3n de los apoderados. Hoy debemos ir a la par del desarrollo tecnol\u00f3gico que tiene las nuevas generaciones, y as\u00ed enfocarnos en una Educaci\u00f3n acorde a los tiempos<\/em><\/strong>\u201d.<\/p>\n\n\n\n<p>En la cita, el jefe comunal, present\u00f3 al nuevo Director(r) de DAEM Osorno, Juan Caro Peralta, quien a su vez, comparti\u00f3 las precisiones del edil osornino, destacando <strong><em>\u201cel compromiso del sostenedor por continuar trabajando mancomunadamente en favor de las y los estudiantes, toda vez que el foco de nuestro trabajo son ellos. Era necesario sostener una reuni\u00f3n con los directores de nuestros establecimientos educacionales, a fin de plantear las nuevas directrices con las que se trabajar\u00e1 en materia Educacional, donde el Alcalde Jaime Bertin refrend\u00f3 la autonom\u00eda que tienen las comunidades escolares para ejecutar planes y programas que fortalezcan la formaci\u00f3n de ni\u00f1os, ni\u00f1as y adolescentes\u201d.<\/em><\/strong><\/p>\n\n\n\n<p>Mencionar que, en la instancia, adem\u00e1s se present\u00f3 formalmente a los 6 nuevos directores y directoras que el pr\u00f3ximo 1 de marzo, se integran a la Educaci\u00f3n P\u00fablica de Osorno, a cargo de las Escuelas: Monse\u00f1or Francisco Vald\u00e9s Subercaseaux, Canad\u00e1, Fundaci\u00f3n Paul Harris, Espa\u00f1a, Deportiva y Sociedad de Socorro de Se\u00f1oras.<\/p>\n","protected":false},"excerpt":{"rendered":"<p>\u00abEl foco debe ser el estudiante y su bienestar, tanto en la formaci\u00f3n pedag\u00f3gica como en cuanto a la infraestructura escolar\u00bb, sostuvo el Alcalde de Osorno.  <\/p>\n","protected":false},"author":1,"featured_media":26922,"comment_status":"closed","ping_status":"closed","sticky":false,"template":"","format":"standard","meta":{"footnotes":""},"categories":[3,8,11,3597],"tags":[2118,1435,337,3891,273,132,247,133],"class_list":["post-26921","post","type-post","status-publish","format-standard","has-post-thumbnail","hentry","category-al-dia","category-comunas","category-educacion","category-municipalidad","tag-semanariolocal","tag-alcalde-de-osorno","tag-informacion","tag-jaime-bertin-2","tag-noticias","tag-osorno","tag-region-de-los-lagos","tag-semanario-local"],"_links":{"self":[{"href":"https:\/\/www.semanariolocal.cl\/index.php?rest_route=\/wp\/v2\/posts\/26921","targetHints":{"allow":["GET"]}}],"collection":[{"href":"https:\/\/www.semanariolocal.cl\/index.php?rest_route=\/wp\/v2\/posts"}],"about":[{"href":"https:\/\/www.semanariolocal.cl\/index.php?rest_route=\/wp\/v2\/types\/post"}],"author":[{"embeddable":true,"href":"https:\/\/www.semanariolocal.cl\/index.php?rest_route=\/wp\/v2\/users\/1"}],"replies":[{"embeddable":true,"href":"https:\/\/www.semanariolocal.cl\/index.php?rest_route=%2Fwp%2Fv2%2Fcomments&post=26921"}],"version-history":[{"count":1,"href":"https:\/\/www.semanariolocal.cl\/index.php?rest_route=\/wp\/v2\/posts\/26921\/revisions"}],"predecessor-version":[{"id":26923,"href":"https:\/\/www.semanariolocal.cl\/index.php?rest_route=\/wp\/v2\/posts\/26921\/revisions\/26923"}],"wp:featuredmedia":[{"embeddable":true,"href":"https:\/\/www.semanariolocal.cl\/index.php?rest_route=\/wp\/v2\/media\/26922"}],"wp:attachment":[{"href":"https:\/\/www.semanariolocal.cl\/index.php?rest_route=%2Fwp%2Fv2%2Fmedia&parent=26921"}],"wp:term":[{"taxonomy":"category","embeddable":true,"href":"https:\/\/www.semanariolocal.cl\/index.php?rest_route=%2Fwp%2Fv2%2Fcategories&post=26921"},{"taxonomy":"post_tag","embeddable":true,"href":"https:\/\/www.semanariolocal.cl\/index.php?rest_route=%2Fwp%2Fv2%2Ftags&post=26921"}],"curies":[{"name":"wp","href":"https:\/\/api.w.org\/{rel}","templated":true}]}}