{"id":26917,"date":"2025-02-23T07:25:00","date_gmt":"2025-02-23T10:25:00","guid":{"rendered":"https:\/\/www.semanariolocal.cl\/?p=26917"},"modified":"2025-02-23T00:36:20","modified_gmt":"2025-02-23T03:36:20","slug":"la-naturaleza-no-es-solo-un-destino-turistico","status":"publish","type":"post","link":"https:\/\/www.semanariolocal.cl\/?p=26917","title":{"rendered":"La naturaleza no es s\u00f3lo un destino tur\u00edstico"},"content":{"rendered":"\n<p><strong><mark style=\"background-color:#abb8c3\" class=\"has-inline-color has-white-color\">23 de Febrero del 2025.- <\/mark><\/strong>Un pud\u00fa intenta cruzar la ruta al Parque Nacional Vicente P\u00e9rez Rosales para ir a tomar agua al r\u00edo Petrohu\u00e9. Sus patas apenas tocan el asfalto cuando un motor irrumpe en el silencio del bosque. El golpe es seco. El veh\u00edculo sigue su camino, y los pasajeros, m\u00e1s preocupados de llegar r\u00e1pido a los Saltos del Petrohu\u00e9, no notan que, a pocos metros, el peque\u00f1o ciervo queda inm\u00f3vil. Con este pud\u00fa atropellado, la cifra asciende a nueve este verano en esta \u201c\u00e1rea protegida\u201d.<\/p>\n\n\n\n<p>Cada a\u00f1o, miles de personas buscan la naturaleza para desconectarse, respirar aire puro y reencontrarse con el paisaje. Pero, \u00bfrealmente nos conectamos con el entorno o solo lo usamos como tel\u00f3n de fondo para nuestras vacaciones? Mientras nos relajamos junto a un lago o hacemos un picnic en la playa, la fauna lucha por sobrevivir en un ambiente invadido por nuestras acciones.<\/p>\n\n\n\n<p>Los 4&#215;4 rugen sobre dunas y playas, dejando cicatrices donde antes anidaban aves como el pilpil\u00e9n. Un instante de adrenalina, una foto para redes sociales, y bajo esas ruedas quedan aplastados huevos que jam\u00e1s eclosionar\u00e1n. En los parques nacionales, familias ingresan con sus perros sin imaginar el da\u00f1o que pueden causar: atacan a pud\u00faes, huemules, transmiten enfermedades a los zorros, obligan a bandadas de aves a abandonar sus sitios de descanso.<\/p>\n\n\n\n<p>Si bien se han desarrollado iniciativas como \u2018Lento por la Fauna\u2019, impulsada por el Ministerio de Transportes junto a Conaf y SAG, se han instalado se\u00f1al\u00e9ticas en zonas de presencia de fauna nativa y se han impulsado programas de educaci\u00f3n ambiental con comunidades locales. Adem\u00e1s, organizaciones como la Red de Observadores de Aves y Fauna Silvestre han creado registros de atropellos en caminos y carreteras. Sin embargo, estas acciones son insuficientes sin el compromiso de turistas y ciudadanos.<\/p>\n\n\n\n<p>No podemos seguir esperando que solo las normativas y los esfuerzos de organizaciones ambientales solucionen un problema que tambi\u00e9n es nuestro. La conservaci\u00f3n ocurre en cada decisi\u00f3n que tomamos al entrar a un espacio natural. La naturaleza no es solo un paisaje hermoso: son ecosistemas fr\u00e1giles donde cada especie, desde el pud\u00fa hasta el pilpil\u00e9n, cumple un rol esencial.<\/p>\n\n\n\n<p>Este verano, dejemos de ver la naturaleza como un simple destino tur\u00edstico y entend\u00e1mosla como un lugar que debemos respetar. Bajar la velocidad en rutas donde transitan animales. No ingresar con perros a zonas protegidas. Evitar los 4&#215;4 en ecosistemas fr\u00e1giles. Son peque\u00f1os actos, pero si no empezamos por lo m\u00ednimo, no podemos esperar un cambio real.<\/p>\n\n\n\n<p>No se trata de privarnos de la naturaleza, sino de coexistir en armon\u00eda y recordar que sin ella, nuestro futuro en el planeta es inviable.<\/p>\n\n\n\n<p><strong>Ingrid Espinoza &#8211; Directora de Conservaci\u00f3n &#8211; Rewilding Chile<\/strong>.<\/p>\n","protected":false},"excerpt":{"rendered":"<p>No podemos seguir esperando que solo las normativas y los esfuerzos de organizaciones ambientales solucionen un problema que tambi\u00e9n es nuestro.<\/p>\n","protected":false},"author":1,"featured_media":26918,"comment_status":"closed","ping_status":"closed","sticky":false,"template":"","format":"standard","meta":{"footnotes":""},"categories":[10,3690,3822,2483],"tags":[2118,337,3890,273,247,1902,133],"class_list":["post-26917","post","type-post","status-publish","format-standard","has-post-thumbnail","hentry","category-cultura","category-medio-ambiente","category-recursos-naturales","category-region","tag-semanariolocal","tag-informacion","tag-ingrid-espinoza","tag-noticias","tag-region-de-los-lagos","tag-rewilding-chile","tag-semanario-local"],"_links":{"self":[{"href":"https:\/\/www.semanariolocal.cl\/index.php?rest_route=\/wp\/v2\/posts\/26917","targetHints":{"allow":["GET"]}}],"collection":[{"href":"https:\/\/www.semanariolocal.cl\/index.php?rest_route=\/wp\/v2\/posts"}],"about":[{"href":"https:\/\/www.semanariolocal.cl\/index.php?rest_route=\/wp\/v2\/types\/post"}],"author":[{"embeddable":true,"href":"https:\/\/www.semanariolocal.cl\/index.php?rest_route=\/wp\/v2\/users\/1"}],"replies":[{"embeddable":true,"href":"https:\/\/www.semanariolocal.cl\/index.php?rest_route=%2Fwp%2Fv2%2Fcomments&post=26917"}],"version-history":[{"count":1,"href":"https:\/\/www.semanariolocal.cl\/index.php?rest_route=\/wp\/v2\/posts\/26917\/revisions"}],"predecessor-version":[{"id":26919,"href":"https:\/\/www.semanariolocal.cl\/index.php?rest_route=\/wp\/v2\/posts\/26917\/revisions\/26919"}],"wp:featuredmedia":[{"embeddable":true,"href":"https:\/\/www.semanariolocal.cl\/index.php?rest_route=\/wp\/v2\/media\/26918"}],"wp:attachment":[{"href":"https:\/\/www.semanariolocal.cl\/index.php?rest_route=%2Fwp%2Fv2%2Fmedia&parent=26917"}],"wp:term":[{"taxonomy":"category","embeddable":true,"href":"https:\/\/www.semanariolocal.cl\/index.php?rest_route=%2Fwp%2Fv2%2Fcategories&post=26917"},{"taxonomy":"post_tag","embeddable":true,"href":"https:\/\/www.semanariolocal.cl\/index.php?rest_route=%2Fwp%2Fv2%2Ftags&post=26917"}],"curies":[{"name":"wp","href":"https:\/\/api.w.org\/{rel}","templated":true}]}}