{"id":2690,"date":"2021-10-27T07:15:00","date_gmt":"2021-10-27T10:15:00","guid":{"rendered":"https:\/\/www.semanariolocal.cl\/?p=2690"},"modified":"2021-10-26T23:59:25","modified_gmt":"2021-10-27T02:59:25","slug":"municipio-osornino-y-ulagos-firman-convenio-de-cooperacion","status":"publish","type":"post","link":"https:\/\/www.semanariolocal.cl\/?p=2690","title":{"rendered":"Municipio osornino y ULagos firman convenio de cooperaci\u00f3n"},"content":{"rendered":"\n<p style=\"font-size:17px\">Diversas actividades y proyectos educativos, sociales, cient\u00edficos y culturales, que ir\u00e1n en beneficio de la comunidad local y su desarrollo, ser\u00e1n ejecutados gracias al Convenio de Colaboraci\u00f3n suscrito entre el municipio de Osorno y la Universidad de los Lagos, que fue firmado por el alcalde Emeterio Carrillo y el rector de esta casa de estudios superiores, \u00d3scar Garrido.<\/p>\n\n\n\n<p style=\"font-size:17px\">La r\u00fabrica de este documento se efectu\u00f3 en el Aula Magna del Campus Chuyaca de esta instituci\u00f3n educativa, destacando la autoridad comunal que \u201cesta colaboraci\u00f3n mutua era algo que, como gesti\u00f3n, hab\u00edamos planificado hace mucho tiempo, en el sentido de generar un alianza amplia con la Universidad de Los Lagos y que, en este caso, considera no s\u00f3lo trabajar en diferentes \u00e1reas del desarrollo social sino tambi\u00e9n abordar materias contingentes para el quehacer de la ciudad como la congesti\u00f3n vehicular y diversas tem\u00e1ticas medioambientales\u201d.<\/p>\n\n\n\n<p style=\"font-size:17px\">Por su parte, el Rector de la ULA, \u00d3scar Garrido, hizo hincapi\u00e9 en la importancia que tiene para esta entidad universitaria suscribir este convenio \u201cpues refrenda nuestro compromiso en torno a tener una vinculaci\u00f3n constante con la comunidad osornina. Por ello, dispondremos de nuestra capacidad acad\u00e9mica e investigativa para sacar adelante los objetivos trazados en este convenio\u201d.<\/p>\n","protected":false},"excerpt":{"rendered":"<p>Diversas actividades y proyectos educativos, sociales, cient\u00edficos y culturales, que ir\u00e1n en beneficio de la comunidad local y su desarrollo, ser\u00e1n ejecutados gracias al Convenio de Colaboraci\u00f3n suscrito entre el municipio de Osorno y la Universidad de los Lagos, que fue firmado por el alcalde Emeterio Carrillo y el rector de esta casa de estudios&#8230;<a class=\"btnReadMore\" href=\"https:\/\/www.semanariolocal.cl\/?p=2690\"> Leer M\u00e1s<\/a><\/p>\n","protected":false},"author":1,"featured_media":2691,"comment_status":"closed","ping_status":"closed","sticky":false,"template":"","format":"standard","meta":{"footnotes":""},"categories":[11],"tags":[],"class_list":["post-2690","post","type-post","status-publish","format-standard","has-post-thumbnail","hentry","category-educacion"],"_links":{"self":[{"href":"https:\/\/www.semanariolocal.cl\/index.php?rest_route=\/wp\/v2\/posts\/2690","targetHints":{"allow":["GET"]}}],"collection":[{"href":"https:\/\/www.semanariolocal.cl\/index.php?rest_route=\/wp\/v2\/posts"}],"about":[{"href":"https:\/\/www.semanariolocal.cl\/index.php?rest_route=\/wp\/v2\/types\/post"}],"author":[{"embeddable":true,"href":"https:\/\/www.semanariolocal.cl\/index.php?rest_route=\/wp\/v2\/users\/1"}],"replies":[{"embeddable":true,"href":"https:\/\/www.semanariolocal.cl\/index.php?rest_route=%2Fwp%2Fv2%2Fcomments&post=2690"}],"version-history":[{"count":1,"href":"https:\/\/www.semanariolocal.cl\/index.php?rest_route=\/wp\/v2\/posts\/2690\/revisions"}],"predecessor-version":[{"id":2692,"href":"https:\/\/www.semanariolocal.cl\/index.php?rest_route=\/wp\/v2\/posts\/2690\/revisions\/2692"}],"wp:featuredmedia":[{"embeddable":true,"href":"https:\/\/www.semanariolocal.cl\/index.php?rest_route=\/wp\/v2\/media\/2691"}],"wp:attachment":[{"href":"https:\/\/www.semanariolocal.cl\/index.php?rest_route=%2Fwp%2Fv2%2Fmedia&parent=2690"}],"wp:term":[{"taxonomy":"category","embeddable":true,"href":"https:\/\/www.semanariolocal.cl\/index.php?rest_route=%2Fwp%2Fv2%2Fcategories&post=2690"},{"taxonomy":"post_tag","embeddable":true,"href":"https:\/\/www.semanariolocal.cl\/index.php?rest_route=%2Fwp%2Fv2%2Ftags&post=2690"}],"curies":[{"name":"wp","href":"https:\/\/api.w.org\/{rel}","templated":true}]}}