{"id":2687,"date":"2021-10-27T07:10:00","date_gmt":"2021-10-27T10:10:00","guid":{"rendered":"https:\/\/www.semanariolocal.cl\/?p=2687"},"modified":"2021-10-26T23:56:38","modified_gmt":"2021-10-27T02:56:38","slug":"cft-santo-tomas-osorno-entregara-atenciones-gratuitas-podologicas","status":"publish","type":"post","link":"https:\/\/www.semanariolocal.cl\/?p=2687","title":{"rendered":"CFT Santo Tom\u00e1s Osorno entregar\u00e1  atenciones gratuitas podol\u00f3gicas"},"content":{"rendered":"\n<p style=\"font-size:17px\">Esta martes se realiz\u00f3 la ampliaci\u00f3n de la firma de convenio entre la Municipalidad de Osorno y el Centro de Formaci\u00f3n T\u00e9cnica con la carrera T\u00e9cnico en Podolog\u00eda Cl\u00ednica para la prestaci\u00f3n de atenciones gratuitas podol\u00f3gicas a los usuarios de la tercera edad de Osorno.<\/p>\n\n\n\n<p style=\"font-size:17px\">La actividad estuvo encabezada por el alcalde de Osorno, Emeterio Carrillo, el Rector de las Instituciones Santo Tom\u00e1s Osorno, Eugenio Larra\u00edn Hern\u00e1ndez, la Directora Acad\u00e9mica del Instituto Profesional y Centro de Formaci\u00f3n T\u00e9cnica, Ingrid Lazen, el Coordinador de Campos Cl\u00ednicos de Santo Tom\u00e1s Osorno, Alexis Casanova, la Directora de \u00c1rea Salud CFT Osorno, Mariela Mart\u00ednez, la jefa de carrera T\u00e9cnico en Podolog\u00eda Cl\u00ednica,Karina Purralef,entre otras autoridades de la municipalidad.<\/p>\n\n\n\n<p style=\"font-size:17px\">En este sentido, el Rector de las Instituciones Santo Tom\u00e1s Osorno, Eugenio Larra\u00edn, expres\u00f3 que \u201cesta es una oportunidad muy relevante para nuestros estudiantes, sobre todo para aquellos que est\u00e1n en su etapa de pr\u00e1cticas profesionales, por lo que se transforma en un espacio muy importante para el desarrollo de sus conocimientos y habilidades en esta \u00e1rea de salud. En este sentido valoramos la ampliaci\u00f3n de este convenio en el \u00e1mbito de la podolog\u00eda donde esperamos atender a los usuarios adultos mayores en nuestra Cl\u00ednica Podol\u00f3gica que hoy cuenta con modernas instalaciones y equipamiento para una atenci\u00f3n de calidad\u201d.<\/p>\n\n\n\n<p style=\"font-size:17px\">Por su parte, el alcalde de Osorno, Emeterio Carrillo, agradeci\u00f3 a Santo Tom\u00e1s por la ampliaci\u00f3n de este convenio que ira en directo de beneficio de los adultos mayores de la comuna de Osorno. \u201cAgradecemos la buena disposici\u00f3n de Santo Tom\u00e1s para retomar este trabajo que ven\u00edamos desarrollando desde hace un tiempo\u201d.<\/p>\n\n\n\n<p style=\"font-size:17px\">Mariela Mart\u00ednez, Directora de \u00c1rea Salud CFT Osorno, explic\u00f3 que \u201cnuestros adultos mayores son personas que necesitan atenciones podol\u00f3gicas por los riesgos que tienen asociados a la condici\u00f3n del pie, por lo tanto, este convenio va a permitir que los CESFAM realicen la derivaci\u00f3n de los pacientes que necesiten atenciones podol\u00f3gicas a nuestra Cl\u00ednica Podol\u00f3gica para ser atendidos. Estas atenciones van desde procedimientos muy b\u00e1sicos, desde corte de u\u00f1as hasta tratamiento del pie diab\u00e9tico, sobre todo este \u00faltimo que necesita una atenci\u00f3n podol\u00f3gica al menos una vez al mes, as\u00ed que nosotros agradecidos de poder apoyar este convenio y necesidad de la poblaci\u00f3n adulta mayor\u201d.<\/p>\n","protected":false},"excerpt":{"rendered":"<p>\u2022\tLas atenciones se realizar\u00e1n en la Cl\u00ednica Podol\u00f3gica de Santo Tom\u00e1s y estar\u00e1n a cargo de los estudiantes que cursan el \u00faltimo semestre de la carrera T\u00e9cnico en Podolog\u00eda Cl\u00ednica del Centro de Formaci\u00f3n T\u00e9cnica.<\/p>\n","protected":false},"author":1,"featured_media":2688,"comment_status":"closed","ping_status":"closed","sticky":false,"template":"","format":"standard","meta":{"footnotes":""},"categories":[11],"tags":[],"class_list":["post-2687","post","type-post","status-publish","format-standard","has-post-thumbnail","hentry","category-educacion"],"_links":{"self":[{"href":"https:\/\/www.semanariolocal.cl\/index.php?rest_route=\/wp\/v2\/posts\/2687","targetHints":{"allow":["GET"]}}],"collection":[{"href":"https:\/\/www.semanariolocal.cl\/index.php?rest_route=\/wp\/v2\/posts"}],"about":[{"href":"https:\/\/www.semanariolocal.cl\/index.php?rest_route=\/wp\/v2\/types\/post"}],"author":[{"embeddable":true,"href":"https:\/\/www.semanariolocal.cl\/index.php?rest_route=\/wp\/v2\/users\/1"}],"replies":[{"embeddable":true,"href":"https:\/\/www.semanariolocal.cl\/index.php?rest_route=%2Fwp%2Fv2%2Fcomments&post=2687"}],"version-history":[{"count":1,"href":"https:\/\/www.semanariolocal.cl\/index.php?rest_route=\/wp\/v2\/posts\/2687\/revisions"}],"predecessor-version":[{"id":2689,"href":"https:\/\/www.semanariolocal.cl\/index.php?rest_route=\/wp\/v2\/posts\/2687\/revisions\/2689"}],"wp:featuredmedia":[{"embeddable":true,"href":"https:\/\/www.semanariolocal.cl\/index.php?rest_route=\/wp\/v2\/media\/2688"}],"wp:attachment":[{"href":"https:\/\/www.semanariolocal.cl\/index.php?rest_route=%2Fwp%2Fv2%2Fmedia&parent=2687"}],"wp:term":[{"taxonomy":"category","embeddable":true,"href":"https:\/\/www.semanariolocal.cl\/index.php?rest_route=%2Fwp%2Fv2%2Fcategories&post=2687"},{"taxonomy":"post_tag","embeddable":true,"href":"https:\/\/www.semanariolocal.cl\/index.php?rest_route=%2Fwp%2Fv2%2Ftags&post=2687"}],"curies":[{"name":"wp","href":"https:\/\/api.w.org\/{rel}","templated":true}]}}