{"id":26855,"date":"2025-02-21T12:50:24","date_gmt":"2025-02-21T15:50:24","guid":{"rendered":"https:\/\/www.semanariolocal.cl\/?p=26855"},"modified":"2025-02-21T12:50:25","modified_gmt":"2025-02-21T15:50:25","slug":"gestion-de-senador-espinoza-permitiria-subsidios-para-mas-de-800-familias-de-la-region","status":"publish","type":"post","link":"https:\/\/www.semanariolocal.cl\/?p=26855","title":{"rendered":"Gesti\u00f3n de senador Espinoza permitir\u00eda subsidios para m\u00e1s de 800 familias de la regi\u00f3n"},"content":{"rendered":"\n<p><strong><mark style=\"background-color:#abb8c3\" class=\"has-inline-color has-white-color\">21 de febrero del 2025.- <\/mark><\/strong>El senador (PS) Fidel Espinoza manifest\u00f3 su alegr\u00eda y satisfacci\u00f3n ante el anuncio de que m\u00e1s de 800 familias de toda la regi\u00f3n de Los Lagos ser\u00e1n beneficiadas con sus subsidios habitacionales, avanzando de esta forma en el tan anhelado sue\u00f1o de la casa propia.<\/p>\n\n\n\n<p>\u201c<strong><em>Son m\u00e1s de 800 las familias han salido beneficiadas en las \u00faltimas horas con su subsidio habitacional<\/em><\/strong><em>, con lo cual nuestra regi\u00f3n de Los Lagos ya se aproxima al <strong>80% del cumplimiento del Plan de Emergencia Habitacional<\/strong>. Esto habla de un <strong>excelente trabajo de las autoridades<\/strong>, encabezadas por el <strong>seremi Fabi\u00e1n Nail<\/strong> y la <strong>directora del SERVIU<\/strong>, quienes han jugado un <strong>rol fundamental<\/strong> para poder sacar adelante estos proyectos<\/em>\u201d, se\u00f1al\u00f3 el parlamentario.<\/p>\n\n\n\n<p>El senador por la regi\u00f3n de Los Lagos felicit\u00f3 \u201c<em>a quienes pertenecen a los comit\u00e9s <strong>La Esperanza; Marinata, Santa Norma II de Osorno<\/strong>, a los comit\u00e9s de allegados <strong>Las Rosas y Todo por un sue\u00f1o<\/strong> y a quienes integran los comit\u00e9s <strong>Vivir mejor y Valle Pilauco<\/strong>, estos \u00faltimos 296 familias que ten\u00edan hace meses un proyecto con poca probabilidad de ser financiado, <strong>pero sacamos adelante esta iniciativa junto a las dirigentes<\/strong><\/em>\u201d.<\/p>\n\n\n\n<p>\u201c<strong><em>Hemos cumplido nuestro compromiso de sacar adelante sus proyectos<\/em><\/strong><em>. Hoy ya han sido notificados de que han sido sujetos de su subsidio habitacional, lo que va a permitir que <strong>prontamente ya comience la construcci\u00f3n de sus viviendas<\/strong>. Por sobre todas las cosas quiero <strong>saludar a los dirigentes que confiaron en nosotros<\/strong>, nos invitaron a participar de su proyecto, y <strong>aqu\u00ed est\u00e1n los resultados<\/strong><\/em>\u201d, finaliz\u00f3 el parlamentario.<\/p>\n","protected":false},"excerpt":{"rendered":"<p>Se trata de familias de los comit\u00e9s La Esperanza; Marinata, Santa Norma II, Las Rosas, Todo por un sue\u00f1o, Vivir mejor y Valle Pilauco, las cuales ser\u00e1n beneficiadas con sus esperados subsidios habitacionales.<\/p>\n","protected":false},"author":1,"featured_media":26856,"comment_status":"closed","ping_status":"closed","sticky":false,"template":"","format":"standard","meta":{"footnotes":""},"categories":[3,3608,9,3816,6,2483],"tags":[2118,337,273,132,247,133,702],"class_list":["post-26855","post","type-post","status-publish","format-standard","has-post-thumbnail","hentry","category-al-dia","category-estado","category-gobierno","category-partidos-politicos","category-politica","category-region","tag-semanariolocal","tag-informacion","tag-noticias","tag-osorno","tag-region-de-los-lagos","tag-semanario-local","tag-senador-fidel-espinoza"],"_links":{"self":[{"href":"https:\/\/www.semanariolocal.cl\/index.php?rest_route=\/wp\/v2\/posts\/26855","targetHints":{"allow":["GET"]}}],"collection":[{"href":"https:\/\/www.semanariolocal.cl\/index.php?rest_route=\/wp\/v2\/posts"}],"about":[{"href":"https:\/\/www.semanariolocal.cl\/index.php?rest_route=\/wp\/v2\/types\/post"}],"author":[{"embeddable":true,"href":"https:\/\/www.semanariolocal.cl\/index.php?rest_route=\/wp\/v2\/users\/1"}],"replies":[{"embeddable":true,"href":"https:\/\/www.semanariolocal.cl\/index.php?rest_route=%2Fwp%2Fv2%2Fcomments&post=26855"}],"version-history":[{"count":1,"href":"https:\/\/www.semanariolocal.cl\/index.php?rest_route=\/wp\/v2\/posts\/26855\/revisions"}],"predecessor-version":[{"id":26857,"href":"https:\/\/www.semanariolocal.cl\/index.php?rest_route=\/wp\/v2\/posts\/26855\/revisions\/26857"}],"wp:featuredmedia":[{"embeddable":true,"href":"https:\/\/www.semanariolocal.cl\/index.php?rest_route=\/wp\/v2\/media\/26856"}],"wp:attachment":[{"href":"https:\/\/www.semanariolocal.cl\/index.php?rest_route=%2Fwp%2Fv2%2Fmedia&parent=26855"}],"wp:term":[{"taxonomy":"category","embeddable":true,"href":"https:\/\/www.semanariolocal.cl\/index.php?rest_route=%2Fwp%2Fv2%2Fcategories&post=26855"},{"taxonomy":"post_tag","embeddable":true,"href":"https:\/\/www.semanariolocal.cl\/index.php?rest_route=%2Fwp%2Fv2%2Ftags&post=26855"}],"curies":[{"name":"wp","href":"https:\/\/api.w.org\/{rel}","templated":true}]}}