{"id":26852,"date":"2025-02-21T12:44:14","date_gmt":"2025-02-21T15:44:14","guid":{"rendered":"https:\/\/www.semanariolocal.cl\/?p=26852"},"modified":"2025-02-21T12:44:15","modified_gmt":"2025-02-21T15:44:15","slug":"bomberos-de-osorno-reciben-millonario-aporte-de-de-vecinos-mediante-boleta-de-agua","status":"publish","type":"post","link":"https:\/\/www.semanariolocal.cl\/?p=26852","title":{"rendered":"Bomberos de Osorno reciben millonario aporte de  de vecinos mediante boleta de agua"},"content":{"rendered":"\n<p><mark style=\"background-color:#abb8c3\" class=\"has-inline-color has-white-color\"><strong>21 de febrero de 2025.-<\/strong><\/mark> 47 millones 895 mil 100 pesos fue el monto exacto que se reuni\u00f3 durante todo el a\u00f1o 2024, gracias al aporte voluntario de los vecinos de Osorno para apoyar al Cuerpo de Bomberos de la comuna a trav\u00e9s del pago en la boleta del agua de Suralis.<\/p>\n\n\n\n<p>El dinero fue entregado, de manera simb\u00f3lica, por representantes &nbsp;de la Uni\u00f3n Comunal, juntas de vecinos y ejecutivos de la empresa, al Superintendente del Cuerpo de Bomberos de Osorno, quien agradeci\u00f3 el importante aporte realizado por la comunidad: \u201c<strong><em>Tenemos que manifestar nuestra satisfacci\u00f3n y agradecimiento irrestricto a cada vecino y vecina que en cada campa\u00f1a econ\u00f3mica se cuadra y responde a nuestro llamado, a trav\u00e9s de la campa\u00f1a del sobre, la venta de n\u00fameros de rifa y ahora esta tercera fuente de financiamiento como es el aporte voluntario a trav\u00e9s de convenio mandato con Suralis<\/em><\/strong>\u201d, destac\u00f3 Germ\u00e1n Vidal, Superintendente del Cuerpo de Bomberos de Osorno.&nbsp; &nbsp;&nbsp;<\/p>\n\n\n\n<p>Se espera que este a\u00f1o la cifra aportada por la comunidad aumente y para eso desde Suralis se\u00f1alaron que est\u00e1n trabajando para que tambi\u00e9n sus clientes puedan aportar a trav\u00e9s de un sistema de inscripci\u00f3n en el sitio web y as\u00ed hacer m\u00e1s f\u00e1cil y r\u00e1pido el tr\u00e1mite: \u201c<strong><em>A mediados de marzo va a estar disponible en nuestra p\u00e1gina web un \u00edcono donde va a poder ingresar y desplegar un mandato donde pueden incorporar sus datos. Eso va a llegar a nosotros y al Cuerpo de Bomberos y posteriormente sacaremos la firma y al mes siguiente ya bomberos podr\u00e1 contar con los recursos, por eso los queremos invitar a seguir colaborando con esta instituci\u00f3n tan querida como son los bomberos<\/em><\/strong>\u201d, se\u00f1al\u00f3 Pedro Barr\u00eda, Gerente de Clientes y Asuntos Externos de Suralis.<\/p>\n\n\n\n<p>En los \u00faltimos 4 a\u00f1os de esta campa\u00f1a se han entregado m\u00e1s de 200 millones de pesos por vecinos que aportan a trav\u00e9s de la boleta de agua, cifra que se traspasa \u00edntegramente a bomberos. Por esta raz\u00f3n, representantes de vecinos hicieron un llamado a colaborar este a\u00f1o con la instituci\u00f3n: \u201c<strong><em>Invitar a vecinos y vecinas a que sigan insistiendo en hacer el aporte de forma virtual, porque la tecnolog\u00eda ya est\u00e1 presente en las casas y tambi\u00e9n hay familiares que siempre pueden ayudar y con esto bomberos se da cuenta de todo el cari\u00f1o que la comunidad de Osorno les tiene<\/em><\/strong>\u201d resalt\u00f3 Eliana Catrilef, presidenta de la Uni\u00f3n Comunal de Osorno.<\/p>\n\n\n\n<p><strong><em>&nbsp;\u201cHacer un llamado a los vecinos que no se han inscrito todav\u00eda para hacer su aporte de comprometerse con la comunidad, porque bomberos es nuestra comunidad, nuestro respaldo y nosotros como comunidad deber\u00edamos estar todos presentes con un aporte a trav\u00e9s de Suralis<\/em><\/strong>\u201d, agreg\u00f3 Gladys Catrilef, presidenta de la junta de vecinos del sector de Barrio Industrial Ovejer\u00eda.&nbsp;<\/p>\n\n\n\n<p>Se espera que este a\u00f1o la cifra recaudada sea mucho mayor gracias a la implementaci\u00f3n de un sistema de inscripci\u00f3n en el sitio web <a href=\"http:\/\/www.suralis.cl\">www.suralis.cl<\/a> que estar\u00e1 disponible desde la segunda quincena de marzo.<\/p>\n","protected":false},"excerpt":{"rendered":"<p>Los fondos corresponden a lo recaudado en 2024, que fueron entregados por representantes de vecinos de la comuna y ejecutivos de Suralis a bomberos.<\/p>\n","protected":false},"author":1,"featured_media":26853,"comment_status":"closed","ping_status":"closed","sticky":false,"template":"","format":"standard","meta":{"footnotes":""},"categories":[3,8],"tags":[2118,880,337,3883,273,132,247,133,1968],"class_list":["post-26852","post","type-post","status-publish","format-standard","has-post-thumbnail","hentry","category-al-dia","category-comunas","tag-semanariolocal","tag-bomberos","tag-informacion","tag-juntas-de-vecino","tag-noticias","tag-osorno","tag-region-de-los-lagos","tag-semanario-local","tag-suralis"],"_links":{"self":[{"href":"https:\/\/www.semanariolocal.cl\/index.php?rest_route=\/wp\/v2\/posts\/26852","targetHints":{"allow":["GET"]}}],"collection":[{"href":"https:\/\/www.semanariolocal.cl\/index.php?rest_route=\/wp\/v2\/posts"}],"about":[{"href":"https:\/\/www.semanariolocal.cl\/index.php?rest_route=\/wp\/v2\/types\/post"}],"author":[{"embeddable":true,"href":"https:\/\/www.semanariolocal.cl\/index.php?rest_route=\/wp\/v2\/users\/1"}],"replies":[{"embeddable":true,"href":"https:\/\/www.semanariolocal.cl\/index.php?rest_route=%2Fwp%2Fv2%2Fcomments&post=26852"}],"version-history":[{"count":1,"href":"https:\/\/www.semanariolocal.cl\/index.php?rest_route=\/wp\/v2\/posts\/26852\/revisions"}],"predecessor-version":[{"id":26854,"href":"https:\/\/www.semanariolocal.cl\/index.php?rest_route=\/wp\/v2\/posts\/26852\/revisions\/26854"}],"wp:featuredmedia":[{"embeddable":true,"href":"https:\/\/www.semanariolocal.cl\/index.php?rest_route=\/wp\/v2\/media\/26853"}],"wp:attachment":[{"href":"https:\/\/www.semanariolocal.cl\/index.php?rest_route=%2Fwp%2Fv2%2Fmedia&parent=26852"}],"wp:term":[{"taxonomy":"category","embeddable":true,"href":"https:\/\/www.semanariolocal.cl\/index.php?rest_route=%2Fwp%2Fv2%2Fcategories&post=26852"},{"taxonomy":"post_tag","embeddable":true,"href":"https:\/\/www.semanariolocal.cl\/index.php?rest_route=%2Fwp%2Fv2%2Ftags&post=26852"}],"curies":[{"name":"wp","href":"https:\/\/api.w.org\/{rel}","templated":true}]}}