{"id":26848,"date":"2025-02-21T12:34:19","date_gmt":"2025-02-21T15:34:19","guid":{"rendered":"https:\/\/www.semanariolocal.cl\/?p=26848"},"modified":"2025-02-21T12:36:42","modified_gmt":"2025-02-21T15:36:42","slug":"ministro-de-economia-presenta-plan-bicentenario-de-chiloe","status":"publish","type":"post","link":"https:\/\/www.semanariolocal.cl\/?p=26848","title":{"rendered":"Ministro de Econom\u00eda presenta Plan Bicentenario de Chilo\u00e9"},"content":{"rendered":"\n<p><strong><mark style=\"background-color:#abb8c3\" class=\"has-inline-color has-white-color\">21 de febrero del 2025.- <\/mark><\/strong>El Ministro de Econom\u00eda, Fomento y Turismo, Nicol\u00e1s Grau, visit\u00f3 la provincia de Chilo\u00e9 con el objetivo de exponer a la Asociaci\u00f3n de Municipios de dicho territorio insular los detalles del Plan Bicentenario. La presente iniciativa, que se implementar\u00e1 en el marco de la conmemoraci\u00f3n de los 200 a\u00f1os de la anexi\u00f3n del archipi\u00e9lago a Chile, contempla una serie de medidas, de corto y largo plazo, que pretenden generar un impulso en el desarrollo local.<\/p>\n\n\n\n<p>El plan propone el fomento de tres actividades econ\u00f3micas propias de Chilo\u00e9, las cuales se componen en pesca, turismo y desarrollo productivo. Esto, ser\u00e1 canalizado por medio de 37 programas, los cuales equivalen a una inversi\u00f3n presupuestaria de 8 mil millones de pesos, que ser\u00e1n implementados por servicios dependientes del Ministerio de Econom\u00eda, como Indespa y Corfo. Su puesta en marcha se iniciar\u00e1 el presente a\u00f1o con el ingreso de aproximadamente 2 mil millones de pesos, donde se priorizar\u00e1 el apoyo a la pesca artesanal mediante iniciativas equivalentes a 1.700 millones de pesos.<\/p>\n\n\n\n<p>Respecto a las ayudas enfocadas al sector tur\u00edstico, se proyecta la articulaci\u00f3n del desarrollo de esta actividad en todo el territorio local por medio de iniciativas que se ejecutan dentro de la oferta program\u00e1tica de Corfo. Posteriormente, el proceso asociado a la implementaci\u00f3n del plan continuar\u00e1 su avance durante los a\u00f1os 2026 y 2027.&nbsp;<\/p>\n\n\n\n<p>En el encuentro, que se llev\u00f3 a cabo en el Hotel Ancud, tambi\u00e9n participaron el gobernador de la regi\u00f3n de Los Lagos, Alejandro Santana, y la delegada presidencial regional, Paulina Mu\u00f1oz, adem\u00e1s de los alcaldes que componen la Asociaci\u00f3n de Municipios de Chilo\u00e9, organizaci\u00f3n conformada por los ediles de las comunas de Ancud, Castro, Chonchi, Curaco de V\u00e9lez, Dalcahue, Puqueld\u00f3n, Queil\u00e9n, Quell\u00f3n, Quemchi y Quinchao.<\/p>\n\n\n\n<p>Tras la finalizaci\u00f3n de la reuni\u00f3n, el ministro Grau valor\u00f3 el planteamiento realizado inicialmente por los alcaldes del archipi\u00e9lago, el cual, finalmente, se concret\u00f3 con la realizaci\u00f3n de la actual presentaci\u00f3n del Plan Bicentenario de Chilo\u00e9. En esta misma l\u00ednea, tambi\u00e9n resalt\u00f3 la participaci\u00f3n del gobernador regional y de la delegada presidencial, resaltando la necesidad de establecer un trabajo coordinado, teniendo en cuenta tambi\u00e9n el rol del sector privado, para el \u00e9xito de la implementaci\u00f3n de la iniciativa.<\/p>\n\n\n\n<p>\u201cLa regi\u00f3n de Los Lagos, y en particular la provincia de Chilo\u00e9, tiene una gran oportunidad para fortalecer su econom\u00eda a prop\u00f3sito de las obras de infraestructura que aqu\u00ed se van a realizar. (\u2026) Y eso significa que hay que trabajar con tiempo. Y, adem\u00e1s, el hecho hist\u00f3rico de los 200 a\u00f1os de la anexi\u00f3n de Chilo\u00e9 a Chile, yo creo que es tambi\u00e9n un evento muy relevante nacional, un evento pol\u00edtico nacional, y es importante que ese hito tenga distintos planes de diversas carteras que hagan justicia a la relevancia hist\u00f3rica que tiene este momento. As\u00ed que nosotros estamos contentos. Sabemos que siempre cuando uno presenta un plan de este tipo, lo m\u00e1s dif\u00edcil empieza ahora, que es trabajar en el plan en conjunto\u201d.<\/p>\n\n\n\n<p>\u201cValoramos la presentaci\u00f3n que ha hecho el ministro de Econom\u00eda, porque creo que hoy d\u00eda m\u00e1s que nunca se requiere complementar esfuerzos. Y el gobierno regional obviamente que tiene sus esfuerzos, est\u00e1 dentro de su plan estrat\u00e9gico del a\u00f1o 2025, y tenemos una mirada que el Bicentenario tiene que generarse este a\u00f1o, durante el a\u00f1o 2026 tambi\u00e9n. Y por eso es que todos nuestros programas vinculados, esperamos iniciar ejecuci\u00f3n en el segundo semestre del a\u00f1o 2025. Porque estamos absolutamente convencidos de que tenemos que hacer mucha difusi\u00f3n. Tenemos que ser capaces de traspasar este hito, esta conmemoraci\u00f3n a la comunidad de Chilo\u00e9 completa, como tambi\u00e9n a la comunidad que no es parte de Chilo\u00e9 y al mundo internacional\u201d, complement\u00f3 el gobernador regional, Alejandro Santana.<\/p>\n\n\n\n<p>\u201cAc\u00e1 distintas voces lo hemos mandatado y lo hemos indicado. Debe existir una gobernanza que est\u00e1 plasmada, pero que tambi\u00e9n en la pr\u00e1ctica se debe visibilizar. Y el componente p\u00fablico-privado es fundamental para poder continuar con este trabajo y no solamente vamos a evidenciar cuando enaltezcamos y conmemoremos los 200 a\u00f1os del Plan Bicentenario, sino que tambi\u00e9n es algo que va a dejar una huella y que vamos a tener que seguir desarrollando por los a\u00f1os venideros\u201d, afirm\u00f3 la delegada presidencial, Paulina Mu\u00f1oz.<\/p>\n\n\n\n<p>\u201cSe trabaj\u00f3 durante todo el a\u00f1o 2024 entre los equipos del Ministerio y los equipos t\u00e9cnicos de las 10 municipalidades de Chilo\u00e9 y es lo que hoy d\u00eda se ha venido a presentar, no solamente a las personas que tuvimos la posibilidad de estar en la mesa, sino que a Chilo\u00e9 en su conjunto. Chilo\u00e9 es uno solo, lo conversamos en la mesa y en este plan no sobra nadie. M\u00e1s bien todas las voluntades se tienen que congregar para que ojal\u00e1 estemos a la altura, municipios, gobierno regional, gobierno central, sociedad civil, medios de comunicaci\u00f3n, todos est\u00e1n a la altura del hito\u201d, explic\u00f3 el presidente de la Asociaci\u00f3n de Municipios de Chilo\u00e9, y alcalde de la comuna de Queil\u00e9n, Marcos Vargas.<\/p>\n\n\n\n<p><strong>Presentaci\u00f3n de los resultados del Programa Territorial Integrado (PTI) \u201cIglesias Patrimoniales de Chilo\u00e9\u201d<\/strong><\/p>\n\n\n\n<p>Durante la tarde, el ministro de Econom\u00eda, Nicol\u00e1s Grau, particip\u00f3 en la presentaci\u00f3n &nbsp; de los resultados del Programa Territorial Integrado (PTI) \u201cIglesias Patrimoniales de Chilo\u00e9\u201d, iniciativa impulsada por&nbsp;Corfo Los Lagos y que ha permitido articular un trabajo conjunto de actores p\u00fablicos y privados para fortalecer la oferta tur\u00edstico cultural y patrimonial del archipi\u00e9lago de Chilo\u00e9.<\/p>\n\n\n\n<p>La actividad se realiz\u00f3 en el Museo de las Iglesias de Ancud y cont\u00f3 con la participaci\u00f3n de los diputados Alejandro Bernales y Fernando B\u00f3rquez, as\u00ed como del directores regionales de Corfo, Eduardo Arancibia; de Sercotec, Jessica Kramm; de Sernatur, Claudia Renedo; de Indap, Francisco Parada y de Sernac, Fernanda Gajardo y miembros de mesa de gobernanza del Programa PTI Iglesias Patrimoniales de Chilo\u00e9.<\/p>\n\n\n\n<p>La ruta, que abarca los 16 templos emblem\u00e1ticos, ha registrado un considerable flujo de visitantes: 15 mil en noviembre de 2024, 12 mil en diciembre de 2024 y 60 mil en enero de 2025. Dichas cifras evidencian el impacto de estos sitios patrimoniales, que no solo representan un legado arquitect\u00f3nico de la Escuela Chilota de Arquitectura Religiosa en madera, sino que tambi\u00e9n constituyen anclas fundamentales para el turismo cultural y sostenible de la regi\u00f3n.<\/p>\n\n\n\n<p>La Fundaci\u00f3n de las Iglesias de Chilo\u00e9, administradora del sitio y del Museo, desempe\u00f1a un rol clave en esta iniciativa, la cual beneficia directamente a 114 empresas del archipi\u00e9lago mediante capacitaciones, promoci\u00f3n y vinculaci\u00f3n, y contribuye al cumplimiento de los compromisos internacionales con la UNESCO.<\/p>\n\n\n\n<p>El \u00e9xito del PTI Iglesias de Chilo\u00e9 ha sentado las bases para la creaci\u00f3n del nuevo PTI Turismo Sostenible Chilo\u00e9, un ambicioso programa que proyecta al archipi\u00e9lago como un destino tur\u00edstico l\u00edder en Chile y de reconocimiento internacional.<\/p>\n","protected":false},"excerpt":{"rendered":"<p>El plan contempla 37 programas de fomento en pesca, turismo y desarrollo productivo, equivalentes a 8.000 millones de pesos, y se implementar\u00e1n durante los a\u00f1os 2025, 2026 y 2027.   <\/p>\n","protected":false},"author":1,"featured_media":26849,"comment_status":"closed","ping_status":"closed","sticky":false,"template":"","format":"standard","meta":{"footnotes":""},"categories":[3,9,6,2483],"tags":[2118,3882,337,273,247,133],"class_list":["post-26848","post","type-post","status-publish","format-standard","has-post-thumbnail","hentry","category-al-dia","category-gobierno","category-politica","category-region","tag-semanariolocal","tag-chiloe-2","tag-informacion","tag-noticias","tag-region-de-los-lagos","tag-semanario-local"],"_links":{"self":[{"href":"https:\/\/www.semanariolocal.cl\/index.php?rest_route=\/wp\/v2\/posts\/26848","targetHints":{"allow":["GET"]}}],"collection":[{"href":"https:\/\/www.semanariolocal.cl\/index.php?rest_route=\/wp\/v2\/posts"}],"about":[{"href":"https:\/\/www.semanariolocal.cl\/index.php?rest_route=\/wp\/v2\/types\/post"}],"author":[{"embeddable":true,"href":"https:\/\/www.semanariolocal.cl\/index.php?rest_route=\/wp\/v2\/users\/1"}],"replies":[{"embeddable":true,"href":"https:\/\/www.semanariolocal.cl\/index.php?rest_route=%2Fwp%2Fv2%2Fcomments&post=26848"}],"version-history":[{"count":2,"href":"https:\/\/www.semanariolocal.cl\/index.php?rest_route=\/wp\/v2\/posts\/26848\/revisions"}],"predecessor-version":[{"id":26851,"href":"https:\/\/www.semanariolocal.cl\/index.php?rest_route=\/wp\/v2\/posts\/26848\/revisions\/26851"}],"wp:featuredmedia":[{"embeddable":true,"href":"https:\/\/www.semanariolocal.cl\/index.php?rest_route=\/wp\/v2\/media\/26849"}],"wp:attachment":[{"href":"https:\/\/www.semanariolocal.cl\/index.php?rest_route=%2Fwp%2Fv2%2Fmedia&parent=26848"}],"wp:term":[{"taxonomy":"category","embeddable":true,"href":"https:\/\/www.semanariolocal.cl\/index.php?rest_route=%2Fwp%2Fv2%2Fcategories&post=26848"},{"taxonomy":"post_tag","embeddable":true,"href":"https:\/\/www.semanariolocal.cl\/index.php?rest_route=%2Fwp%2Fv2%2Ftags&post=26848"}],"curies":[{"name":"wp","href":"https:\/\/api.w.org\/{rel}","templated":true}]}}