{"id":2684,"date":"2021-10-27T07:05:00","date_gmt":"2021-10-27T10:05:00","guid":{"rendered":"https:\/\/www.semanariolocal.cl\/?p=2684"},"modified":"2021-10-26T23:51:02","modified_gmt":"2021-10-27T02:51:02","slug":"diputada-emilia-nuyado-cuestiona-ampliar-estado-de-excepcion-es-mas-de-lo-mismo","status":"publish","type":"post","link":"https:\/\/www.semanariolocal.cl\/?p=2684","title":{"rendered":"Diputada Emilia Nuyado cuestiona  ampliar estado de excepci\u00f3n : Es m\u00e1s de lo m\u00edsmo"},"content":{"rendered":"\n<p style=\"font-size:17px\">La diputada Mapuche Emilia Nuyado, critic\u00f3 la extensi\u00f3n del Estado de Excepci\u00f3n por 15 d\u00edas m\u00e1s para la Araucan\u00eda y las provincias de Arauco y B\u00edo B\u00edo.<\/p>\n\n\n\n<p style=\"font-size:17px\">En este marco la parlamentaria fue tajante en se\u00f1alar que \u00bb es m\u00e1s de lo mismo y demuestra que el gobierno no quiere di\u00e1logo ni Paz en el Wallmapu\u00bb.<\/p>\n\n\n\n<p style=\"font-size:17px\">\u00abAqu\u00ed mientras no se adopten cambios profundos, como la restituci\u00f3n de las tierras mapuche, es muy dif\u00edcil que se llegue a la Paz. La militarizaci\u00f3n de la Araucan\u00eda solo va a empeorar la situaci\u00f3n en la regi\u00f3n\u00bb, dijo Nuyado.<\/p>\n\n\n\n<p style=\"font-size:17px\">Al respecto la parlamentaria record\u00f3 que \u00abel gobierno ni siquiera us\u00f3 los recursos que exist\u00edan para la compra de tierras, que fueron aprobados en el Presupuesto\u00bb.<\/p>\n\n\n\n<p style=\"font-size:17px\">\u00abClaramente desde el gobierno del Presidente Pi\u00f1era no les interesa buscar un soluci\u00f3n a las demandas de nuestro pueblo\u00bb, concluy\u00f3 Emilia Nuyado<\/p>\n","protected":false},"excerpt":{"rendered":"<p>La diputada Mapuche Emilia Nuyado, critic\u00f3 la extensi\u00f3n del Estado de Excepci\u00f3n por 15 d\u00edas m\u00e1s para la Araucan\u00eda y las provincias de Arauco y B\u00edo B\u00edo. En este marco la parlamentaria fue tajante en se\u00f1alar que \u00bb es m\u00e1s de lo mismo y demuestra que el gobierno no quiere di\u00e1logo ni Paz en el&#8230;<a class=\"btnReadMore\" href=\"https:\/\/www.semanariolocal.cl\/?p=2684\"> Leer M\u00e1s<\/a><\/p>\n","protected":false},"author":1,"featured_media":2685,"comment_status":"closed","ping_status":"closed","sticky":false,"template":"","format":"standard","meta":{"footnotes":""},"categories":[6],"tags":[],"class_list":["post-2684","post","type-post","status-publish","format-standard","has-post-thumbnail","hentry","category-politica"],"_links":{"self":[{"href":"https:\/\/www.semanariolocal.cl\/index.php?rest_route=\/wp\/v2\/posts\/2684","targetHints":{"allow":["GET"]}}],"collection":[{"href":"https:\/\/www.semanariolocal.cl\/index.php?rest_route=\/wp\/v2\/posts"}],"about":[{"href":"https:\/\/www.semanariolocal.cl\/index.php?rest_route=\/wp\/v2\/types\/post"}],"author":[{"embeddable":true,"href":"https:\/\/www.semanariolocal.cl\/index.php?rest_route=\/wp\/v2\/users\/1"}],"replies":[{"embeddable":true,"href":"https:\/\/www.semanariolocal.cl\/index.php?rest_route=%2Fwp%2Fv2%2Fcomments&post=2684"}],"version-history":[{"count":1,"href":"https:\/\/www.semanariolocal.cl\/index.php?rest_route=\/wp\/v2\/posts\/2684\/revisions"}],"predecessor-version":[{"id":2686,"href":"https:\/\/www.semanariolocal.cl\/index.php?rest_route=\/wp\/v2\/posts\/2684\/revisions\/2686"}],"wp:featuredmedia":[{"embeddable":true,"href":"https:\/\/www.semanariolocal.cl\/index.php?rest_route=\/wp\/v2\/media\/2685"}],"wp:attachment":[{"href":"https:\/\/www.semanariolocal.cl\/index.php?rest_route=%2Fwp%2Fv2%2Fmedia&parent=2684"}],"wp:term":[{"taxonomy":"category","embeddable":true,"href":"https:\/\/www.semanariolocal.cl\/index.php?rest_route=%2Fwp%2Fv2%2Fcategories&post=2684"},{"taxonomy":"post_tag","embeddable":true,"href":"https:\/\/www.semanariolocal.cl\/index.php?rest_route=%2Fwp%2Fv2%2Ftags&post=2684"}],"curies":[{"name":"wp","href":"https:\/\/api.w.org\/{rel}","templated":true}]}}