{"id":2681,"date":"2021-10-27T07:00:00","date_gmt":"2021-10-27T10:00:00","guid":{"rendered":"https:\/\/www.semanariolocal.cl\/?p=2681"},"modified":"2021-10-26T23:44:49","modified_gmt":"2021-10-27T02:44:49","slug":"estudio-muestra-evolucion-del-discurso-de-odio-contra-la-convencion-constitucional","status":"publish","type":"post","link":"https:\/\/www.semanariolocal.cl\/?p=2681","title":{"rendered":"Estudio muestra evoluci\u00f3n del discurso de Odio contra la Convenci\u00f3n Constitucional"},"content":{"rendered":"\n<p style=\"font-size:17px\">Como es de p\u00fablico conocimiento, desde su instalaci\u00f3n de julio la CC ha sido objeto de ataques de diferente tipo, especialmente en redes sociales. Es lo que se conoce como \u201cviolencia en l\u00ednea\u201d o \u201ccomunicaci\u00f3n violenta\u201d, una de cuyas expresiones es el \u201cdiscurso de odio\u201d. El mundo digital, y especialmente las redes sociales, son un nicho donde la violencia verbal contra personas y colectividades es muy frecuente y existen antecedentes de que la violencia material a menudo est\u00e1n antecedidos por aquella de tipo discursiva.<\/p>\n\n\n\n<p style=\"font-size:17px\">En el marco de esas inquietudes, el equipo de Demoscop\u00eda Electr\u00f3nica del Espacio P\u00fablico (#DEEP) de la Pontificia Universidad Cat\u00f3lica de Valpara\u00edso (PUCV) est\u00e1 haciendo desde julio un seguimiento de este fen\u00f3meno, per\u00edodo durante el cual se han procesado cientos de miles de datos emanados de cuentas de usuarios\/as de redes sociales que se manifiestan en torno a la CC y sus miembros.<\/p>\n\n\n\n<p style=\"font-size:17px\">De acuerdo con el profesor Pedro Santander, Doctor en Ling\u00fc\u00edstica y director del proyecto DEEP-PUCV, \u201ccon esa informaci\u00f3n se han detectado miles de cuentas que con regularidad se expresan acerca de la CC, entre ellas, por ejemplo, algunas que lo hacen de forma negativa o, incluso, en forma de ataque, los que se centran de manera predilecta en la presidenta Elisa Loncon, tanto por su condici\u00f3n de mujer como por su condici\u00f3n de mapuche\u201d.<\/p>\n\n\n\n<p style=\"font-size:17px\">Desde esta semana, #DEEP mostrar\u00e1 en el sitio web&nbsp;<a href=\"http:\/\/www.observatorioconvencion.cl\/\" target=\"_blank\" rel=\"noreferrer noopener\">www.observatorioconvencion.cl<\/a>&nbsp;datos que dar\u00e1n cuenta del fen\u00f3meno de la violencia en l\u00ednea y la Convenci\u00f3n Constitucional; esto hasta julio de 2022, fecha en la cual la CC cesar\u00e1 en sus funciones. El \u00e9nfasis, explic\u00f3 Santander, estar\u00e1 puesto en la red social Twitter, sin embargo, tambi\u00e9n se recopilar\u00e1n y presentar\u00e1n datos de Facebook e Instagram.<\/p>\n\n\n\n<p style=\"font-size:17px\">Asimismo, los investigadores construyeron una herramienta de inteligencia artificial llamada \u201cEl Odi\u00f3metro\u201d, que permite detectar en tiempo real los discursos de odio en torno a la Convenci\u00f3n. \u201cEsta tecnolog\u00eda emula de manera eficiente el comportamiento humano frente a la tarea de distinguir entre mensajes neutros, mensajes contrarios y mensajes de odio (violencia en l\u00ednea) contra la CC y cualquiera de sus miembros. Para su construcci\u00f3n se utilizaron t\u00e9cnicas propias del \u00e1rea de&nbsp;<em>machine learning,<\/em>&nbsp;a partir definiciones conceptuales provenientes de la legislaci\u00f3n internacional y de la propia definici\u00f3n de discurso de odio que la CC propone, en el art\u00edculo 21 de su Reglamento de \u00c9tica\u201d, detall\u00f3 el acad\u00e9mico y ling\u00fcista, Pedro Alfaro, quien tambi\u00e9n integra el equipo DEEP.<\/p>\n\n\n\n<p style=\"font-size:17px\">En este, se define como discurso de odio como \u201ctoda comunicaci\u00f3n, expresi\u00f3n verbal o de cualquier tipo, que sea un ataque o utilice lenguaje peyorativo o discriminatorio en relaci\u00f3n con una persona o un grupo en raz\u00f3n de su origen \u00e9tnico, raza, color, ascendencia, nacionalidad, credo, religi\u00f3n, espiritualidad u otro factor de identidad, con el objetivo de incitar a la discriminaci\u00f3n, la hostilidad o la violencia\u201d.<\/p>\n\n\n\n<p style=\"font-size:17px\">En el sitio web, tambi\u00e9n est\u00e1 disponible un gr\u00e1fico que muestra c\u00f3mo han evolucionado los ataques hacia la Convenci\u00f3n Constitucional o \u201cviolencia en l\u00ednea\u201d, marcando peak durante la primera quincena de agosto y de septiembre.<\/p>\n","protected":false},"excerpt":{"rendered":"<p>Equipo de investigaci\u00f3n de DEEP-PUCV est\u00e1 realizando seguimiento permanente de la \u201cviolencia en l\u00ednea\u201d contra la CC, en el marco de un convenio firmado entre la casa de estudios y la presidenta de la instancia.  El grupo de trabajo cre\u00f3 la herramienta \u201cEl Odi\u00f3metro\u201d, que da cuenta de los discursos violentos que en redes sociales que se manifiestan contra la Convenci\u00f3n, con especial \u00e9nfasis en el \u201cdiscurso de odio\u201d.<\/p>\n","protected":false},"author":1,"featured_media":2682,"comment_status":"closed","ping_status":"closed","sticky":false,"template":"","format":"standard","meta":{"footnotes":""},"categories":[3,6],"tags":[],"class_list":["post-2681","post","type-post","status-publish","format-standard","has-post-thumbnail","hentry","category-al-dia","category-politica"],"_links":{"self":[{"href":"https:\/\/www.semanariolocal.cl\/index.php?rest_route=\/wp\/v2\/posts\/2681","targetHints":{"allow":["GET"]}}],"collection":[{"href":"https:\/\/www.semanariolocal.cl\/index.php?rest_route=\/wp\/v2\/posts"}],"about":[{"href":"https:\/\/www.semanariolocal.cl\/index.php?rest_route=\/wp\/v2\/types\/post"}],"author":[{"embeddable":true,"href":"https:\/\/www.semanariolocal.cl\/index.php?rest_route=\/wp\/v2\/users\/1"}],"replies":[{"embeddable":true,"href":"https:\/\/www.semanariolocal.cl\/index.php?rest_route=%2Fwp%2Fv2%2Fcomments&post=2681"}],"version-history":[{"count":1,"href":"https:\/\/www.semanariolocal.cl\/index.php?rest_route=\/wp\/v2\/posts\/2681\/revisions"}],"predecessor-version":[{"id":2683,"href":"https:\/\/www.semanariolocal.cl\/index.php?rest_route=\/wp\/v2\/posts\/2681\/revisions\/2683"}],"wp:featuredmedia":[{"embeddable":true,"href":"https:\/\/www.semanariolocal.cl\/index.php?rest_route=\/wp\/v2\/media\/2682"}],"wp:attachment":[{"href":"https:\/\/www.semanariolocal.cl\/index.php?rest_route=%2Fwp%2Fv2%2Fmedia&parent=2681"}],"wp:term":[{"taxonomy":"category","embeddable":true,"href":"https:\/\/www.semanariolocal.cl\/index.php?rest_route=%2Fwp%2Fv2%2Fcategories&post=2681"},{"taxonomy":"post_tag","embeddable":true,"href":"https:\/\/www.semanariolocal.cl\/index.php?rest_route=%2Fwp%2Fv2%2Ftags&post=2681"}],"curies":[{"name":"wp","href":"https:\/\/api.w.org\/{rel}","templated":true}]}}