{"id":26694,"date":"2025-02-09T07:50:00","date_gmt":"2025-02-09T10:50:00","guid":{"rendered":"https:\/\/www.semanariolocal.cl\/?p=26694"},"modified":"2025-02-09T00:45:44","modified_gmt":"2025-02-09T03:45:44","slug":"sembrando-futuro-el-rol-de-la-educacion-parvularia-en-chile","status":"publish","type":"post","link":"https:\/\/www.semanariolocal.cl\/?p=26694","title":{"rendered":"Sembrando futuro: el rol de la educaci\u00f3n parvularia en Chile\u00a0"},"content":{"rendered":"\n<p><strong><mark style=\"background-color:#abb8c3\" class=\"has-inline-color has-white-color\">09 de Febrero del 2025.-<\/mark><\/strong> Un arduo trabajo casi invisible que busca proyectar innovaciones metodol\u00f3gicas que permitan un desarrollo cognitivo, motriz y afectivo desde la primera infancia se est\u00e1 desarrollando en distintos niveles y establecimientos educacionales. Esa evoluci\u00f3n no es casualidad, sino fruto de una misi\u00f3n vocacional de cientos de profesionales que dedican su vida a la educaci\u00f3n parvularia.<\/p>\n\n\n\n<p>En efecto, desde 1864 -cuando se crea la primera escuela de p\u00e1rvulos en Chile- \u00e9sta ha experimentado importantes avances que se han orientado al acceso de ni\u00f1os y ni\u00f1as a una educaci\u00f3n primaria de calidad, donde el rol de la familia y equipos educativos son trascendentales para favorecer ambientes estimuladores.<\/p>\n\n\n\n<p>No obstante, en el transcurso de estos 160 a\u00f1os tambi\u00e9n se visibilizan nudos cr\u00edticos a nivel nacional que debemos de ir resguardando, como el significativo d\u00e9ficit de educadoras de p\u00e1rvulos que se presentar\u00eda para el 2034, en donde Elige Educar estima que existir\u00eda una brecha de 4.500 profesionales en el nivel educativo.<\/p>\n\n\n\n<p>A nivel local, en la Regi\u00f3n de Los Lagos, abordamos desaf\u00edos que est\u00e1n contextualizados al territorio y en donde el Observatorio Ni\u00f1ez de Fundaci\u00f3n Colunga se\u00f1ala en su \u00faltimo informe Nacional del Bienestar de la Ni\u00f1ez que se presentan brechas relevantes en foco de la salud, como por ejemplo el alza de ni\u00f1os que presentan malnutrici\u00f3n por exceso y presencia de s\u00edntomas depresivos, incremento de las tasas de denuncias por violencia intrafamiliar, entre otros.<\/p>\n\n\n\n<p>En consecuencia, se debe seguir avanzando en consolidar el nivel de Educaci\u00f3n Parvularia, la profesionalizaci\u00f3n del Educador de P\u00e1rvulos y resguardando las condiciones de calidad a nivel estructural y de proceso. En donde el fortalecimiento y articulaci\u00f3n de las pol\u00edticas p\u00fablicas, con ejes territoriales, son fundamentales para mejorar la calidad y equidad en la Educaci\u00f3n Inicial.<\/p>\n\n\n\n<p><strong>Marcela Gallardo Molina &#8211; Directora Educaci\u00f3n Parvularia Advance &#8211; Universidad San Sebasti\u00e1n Sede De la Patagonia<\/strong><\/p>\n","protected":false},"excerpt":{"rendered":"<p>Mientras nuestros ni\u00f1os disfrutan de unas merecidas vacaciones de verano, muchos establecimientos ya preparan el retorno a las aulas en marzo.<\/p>\n","protected":false},"author":1,"featured_media":26695,"comment_status":"closed","ping_status":"closed","sticky":false,"template":"","format":"standard","meta":{"footnotes":""},"categories":[3302,3,11,7,3842],"tags":[2118,337,36,3861,273,247,133],"class_list":["post-26694","post","type-post","status-publish","format-standard","has-post-thumbnail","hentry","category-academia","category-al-dia","category-educacion","category-opinion","category-politicas-publicas","tag-semanariolocal","tag-informacion","tag-jardines-infantiles","tag-marcela-gallardo-molina","tag-noticias","tag-region-de-los-lagos","tag-semanario-local"],"_links":{"self":[{"href":"https:\/\/www.semanariolocal.cl\/index.php?rest_route=\/wp\/v2\/posts\/26694","targetHints":{"allow":["GET"]}}],"collection":[{"href":"https:\/\/www.semanariolocal.cl\/index.php?rest_route=\/wp\/v2\/posts"}],"about":[{"href":"https:\/\/www.semanariolocal.cl\/index.php?rest_route=\/wp\/v2\/types\/post"}],"author":[{"embeddable":true,"href":"https:\/\/www.semanariolocal.cl\/index.php?rest_route=\/wp\/v2\/users\/1"}],"replies":[{"embeddable":true,"href":"https:\/\/www.semanariolocal.cl\/index.php?rest_route=%2Fwp%2Fv2%2Fcomments&post=26694"}],"version-history":[{"count":1,"href":"https:\/\/www.semanariolocal.cl\/index.php?rest_route=\/wp\/v2\/posts\/26694\/revisions"}],"predecessor-version":[{"id":26696,"href":"https:\/\/www.semanariolocal.cl\/index.php?rest_route=\/wp\/v2\/posts\/26694\/revisions\/26696"}],"wp:featuredmedia":[{"embeddable":true,"href":"https:\/\/www.semanariolocal.cl\/index.php?rest_route=\/wp\/v2\/media\/26695"}],"wp:attachment":[{"href":"https:\/\/www.semanariolocal.cl\/index.php?rest_route=%2Fwp%2Fv2%2Fmedia&parent=26694"}],"wp:term":[{"taxonomy":"category","embeddable":true,"href":"https:\/\/www.semanariolocal.cl\/index.php?rest_route=%2Fwp%2Fv2%2Fcategories&post=26694"},{"taxonomy":"post_tag","embeddable":true,"href":"https:\/\/www.semanariolocal.cl\/index.php?rest_route=%2Fwp%2Fv2%2Ftags&post=26694"}],"curies":[{"name":"wp","href":"https:\/\/api.w.org\/{rel}","templated":true}]}}