{"id":2668,"date":"2021-10-26T12:14:14","date_gmt":"2021-10-26T15:14:14","guid":{"rendered":"https:\/\/www.semanariolocal.cl\/?p=2668"},"modified":"2021-10-26T12:14:14","modified_gmt":"2021-10-26T15:14:14","slug":"jovenes-podran-participar-del-2-festival-de-cine-escolar-ejate-2021-en-calbuco","status":"publish","type":"post","link":"https:\/\/www.semanariolocal.cl\/?p=2668","title":{"rendered":"J\u00f3venes podr\u00e1n participar del 2\u00b0 Festival de Cine Escolar \u00c9jate 2021 en Calbuco"},"content":{"rendered":"\n<p style=\"font-size:17px\">Una significativa invitaci\u00f3n a todos los j\u00f3venes de la regi\u00f3n de los Lagos que est\u00e1n interesados en el mundo audiovisual se est\u00e1 realizando en estos d\u00edas, ya que se abri\u00f3 el proceso para el env\u00edo de trabajos audiovisuales, para participar de la Segunda versi\u00f3n del Festival de Cine Escolar \u201c\u00c9jate 2021\u201d.<\/p>\n\n\n\n<p style=\"font-size:17px\">La actividad se llev\u00f3 a cabo en el Liceo Francisco Hern\u00e1ndez Ortiz de la localidad de Calbuco, la cual, busca que todos los j\u00f3venes de la regi\u00f3n de los Lagos puedan participar con toda obra audiovisual en formato de tem\u00e1tica Ficci\u00f3n, documental, videoarte, experimental, otros). En tanto, la tem\u00e1tica es libre y puede estar grabada con celular, c\u00e1mara digital u otros dispositivos.<\/p>\n\n\n\n<p style=\"font-size:17px\">El coordinador del festival de cine escolar \u201c\u00c9jate 2021\u201d Gabriel Montiel explic\u00f3 que hoy venimos al Liceo Francisco Hern\u00e1ndez Ortiz a dar informaci\u00f3n de la convocatoria del Festival, con la finalidad que los chicos se entusiasmen y postulen con sus videos.<\/p>\n\n\n\n<p style=\"font-size:17px\">El encargado de la Casa de la Cultura de Calbuco Roberto Alvarado expuso que el objetivo del festival es que se pueda potenciar el desarrollo audiovisual<\/p>\n\n\n\n<p style=\"font-size:17px\">El director del Liceo Bicentenario Francisco Hern\u00e1ndez Ortiz; Hern\u00e1n Vargas manifest\u00f3 que todas las oportunidades de expresi\u00f3n de j\u00f3venes a trav\u00e9s del arte a mi me parece estupendo. \u201cCre\u00f3 que el arte es la expresi\u00f3n m\u00e1s suprime de la civilizaci\u00f3n para poder expresarse en la est\u00e9tica, en la filosof\u00eda e ideolog\u00eda\u201d, sostuvo.<\/p>\n\n\n\n<p style=\"font-size:17px\">Yanhira Villegas Osorio, alumna del Liceo Bicentenario Francisco Hern\u00e1ndez Ortiz Hern\u00e1n Vargas sostuvo que es una actividad muy buena porque le gusta que las personas se expresen.<\/p>\n\n\n\n<p style=\"font-size:17px\">Los trabajos audiovisuales se pueden enviar hasta el d\u00eda 15 de Noviembre del 2021 al <a href=\"about:blank\"><em>ejat\u00e9festivaldecine<\/em><\/a><a href=\"about:blank\"><em>@<\/em><\/a><a href=\"about:blank\"><em>gmail.com<\/em><\/a><em>&nbsp; <\/em>y si tienes alguna duda puedes escribir al Instagram Ejatefestivaldecine o a trav\u00e9s de Facebook Festival de Cine Escolar \u201c\u00c9jate 2021\u201d.<\/p>\n","protected":false},"excerpt":{"rendered":"<p>Una significativa invitaci\u00f3n a todos los j\u00f3venes de la regi\u00f3n de los Lagos que est\u00e1n interesados en el mundo audiovisual se est\u00e1 realizando en estos d\u00edas, ya que se abri\u00f3 el proceso para el env\u00edo de trabajos audiovisuales, para participar de la Segunda versi\u00f3n del Festival de Cine Escolar \u201c\u00c9jate 2021\u201d. La actividad se llev\u00f3&#8230;<a class=\"btnReadMore\" href=\"https:\/\/www.semanariolocal.cl\/?p=2668\"> Leer M\u00e1s<\/a><\/p>\n","protected":false},"author":1,"featured_media":2669,"comment_status":"closed","ping_status":"closed","sticky":false,"template":"","format":"standard","meta":{"footnotes":""},"categories":[3,8,10],"tags":[],"class_list":["post-2668","post","type-post","status-publish","format-standard","has-post-thumbnail","hentry","category-al-dia","category-comunas","category-cultura"],"_links":{"self":[{"href":"https:\/\/www.semanariolocal.cl\/index.php?rest_route=\/wp\/v2\/posts\/2668","targetHints":{"allow":["GET"]}}],"collection":[{"href":"https:\/\/www.semanariolocal.cl\/index.php?rest_route=\/wp\/v2\/posts"}],"about":[{"href":"https:\/\/www.semanariolocal.cl\/index.php?rest_route=\/wp\/v2\/types\/post"}],"author":[{"embeddable":true,"href":"https:\/\/www.semanariolocal.cl\/index.php?rest_route=\/wp\/v2\/users\/1"}],"replies":[{"embeddable":true,"href":"https:\/\/www.semanariolocal.cl\/index.php?rest_route=%2Fwp%2Fv2%2Fcomments&post=2668"}],"version-history":[{"count":1,"href":"https:\/\/www.semanariolocal.cl\/index.php?rest_route=\/wp\/v2\/posts\/2668\/revisions"}],"predecessor-version":[{"id":2670,"href":"https:\/\/www.semanariolocal.cl\/index.php?rest_route=\/wp\/v2\/posts\/2668\/revisions\/2670"}],"wp:featuredmedia":[{"embeddable":true,"href":"https:\/\/www.semanariolocal.cl\/index.php?rest_route=\/wp\/v2\/media\/2669"}],"wp:attachment":[{"href":"https:\/\/www.semanariolocal.cl\/index.php?rest_route=%2Fwp%2Fv2%2Fmedia&parent=2668"}],"wp:term":[{"taxonomy":"category","embeddable":true,"href":"https:\/\/www.semanariolocal.cl\/index.php?rest_route=%2Fwp%2Fv2%2Fcategories&post=2668"},{"taxonomy":"post_tag","embeddable":true,"href":"https:\/\/www.semanariolocal.cl\/index.php?rest_route=%2Fwp%2Fv2%2Ftags&post=2668"}],"curies":[{"name":"wp","href":"https:\/\/api.w.org\/{rel}","templated":true}]}}