{"id":26674,"date":"2025-02-02T08:15:00","date_gmt":"2025-02-02T11:15:00","guid":{"rendered":"https:\/\/www.semanariolocal.cl\/?p=26674"},"modified":"2025-02-07T18:52:39","modified_gmt":"2025-02-07T21:52:39","slug":"el-nuevo-paradigma-de-la-educacion-superior","status":"publish","type":"post","link":"https:\/\/www.semanariolocal.cl\/?p=26674","title":{"rendered":"El nuevo paradigma de la educaci\u00f3n superior"},"content":{"rendered":"\n<p><strong><mark style=\"background-color:#abb8c3\" class=\"has-inline-color has-white-color\">02 de Febrero del 2025.- <\/mark><\/strong> La educaci\u00f3n superior se encuentra en un cruce de caminos. Ante un mundo que cambia a un ritmo vertiginoso, impulsado por avances tecnol\u00f3gicos y desaf\u00edos sociales complejos, es imperativo que las instituciones educativas replanteen su enfoque formativo.<\/p>\n\n\n\n<p>En este contexto, la innovaci\u00f3n y la vinculaci\u00f3n con el medio emergen como ingredientes claves para preparar a los profesionales del futuro. La innovaci\u00f3n en la educaci\u00f3n superior va mucho m\u00e1s all\u00e1 de incorporar nuevas tecnolog\u00edas en el aula, se trata de transformar la pedagog\u00eda tradicional, adoptando m\u00e9todos que fomenten la creatividad, la colaboraci\u00f3n y el pensamiento cr\u00edtico.<\/p>\n\n\n\n<p>Metodolog\u00edas como el aprendizaje basado en proyectos y las experiencias pr\u00e1cticas no s\u00f3lo hacen el aprendizaje m\u00e1s din\u00e1mico, sino que tambi\u00e9n permiten a los estudiantes aplicar sus conocimientos en situaciones reales. Esta pr\u00e1ctica no s\u00f3lo hace que la educaci\u00f3n sea m\u00e1s relevante, sino que tambi\u00e9n prepara a los estudiantes para los desaf\u00edos del mundo laboral. La capacidad de resolver problemas complejos, de adaptarse a nuevos entornos y de pensar de manera cr\u00edtica son habilidades que los empleadores valoran cada vez m\u00e1s.<\/p>\n\n\n\n<p>Al integrar la innovaci\u00f3n en la educaci\u00f3n, estamos formando profesionales capaces de liderar en un panorama laboral que demanda agilidad y creatividad. Por otro lado, la vinculaci\u00f3n con el medio es crucial para que los estudiantes comprendan su entorno social y cultural. Colaborar con comunidades, organizaciones no gubernamentales y empresas permite a los estudiantes involucrarse en proyectos que abordan problemas locales.<\/p>\n\n\n\n<p>Esta interacci\u00f3n no s\u00f3lo enriquece su formaci\u00f3n, sino que tambi\u00e9n les brinda una mejor comprensi\u00f3n de sus responsabilidades como futuros profesionales. Al enfrentarse a realidades diversas, los estudiantes desarrollan una conciencia social que los prepara para ser agentes de cambio.<\/p>\n\n\n\n<p>La capacidad de trabajar en equipos multidisciplinarios y de entender las diversas perspectivas culturales es esencial en un mundo globalizado. Los profesionales formados en este entorno no s\u00f3lo poseen competencias t\u00e9cnicas, sino tambi\u00e9n una \u00e9tica y un compromiso que los posiciona como l\u00edderes responsables.<\/p>\n\n\n\n<p>Los efectos de combinar innovaci\u00f3n y vinculaci\u00f3n con el medio en la educaci\u00f3n superior son profundos. Estamos formando un nuevo tipo de profesional: vers\u00e1til, emp\u00e1tico y consciente de sus responsabilidades sociales. En un mercado laboral que valora no s\u00f3lo el conocimiento t\u00e9cnico, sino tambi\u00e9n las habilidades interpersonales y el compromiso \u00e9tico, estos egresados se convierten en activos valiosos para la sociedad.<\/p>\n\n\n\n<p>Es fundamental, entonces, que las instituciones de educaci\u00f3n superior se comprometan a integrar estas estrategias en sus mallas acad\u00e9micas. No se trata s\u00f3lo de mejorar la experiencia educativa, sino de asegurar que los futuros profesionales est\u00e9n preparados para enfrentar y resolver los grandes desaf\u00edos de nuestra \u00e9poca. En este panorama, el papel de la educaci\u00f3n superior es claro y urgente: debe alinearse con las necesidades de una sociedad en cambio constante. Al hacerlo, no s\u00f3lo enriquecemos a las instituciones, sino que preparamos a nuestros estudiantes para ser l\u00edderes capacitados en un mundo que, m\u00e1s que nunca, necesita de su creatividad, compromiso y visi\u00f3n. La transformaci\u00f3n educativa no es una opci\u00f3n, es una necesidad.<\/p>\n\n\n\n<p><strong>Erwin Moreira Silva<\/strong> &#8211; <strong>Coordinador Vinculaci\u00f3n con el Medio IP-CFT<\/strong> &#8211; <strong>Santo Tom\u00e1s Osorno<\/strong><\/p>\n","protected":false},"excerpt":{"rendered":"<p>Ante un mundo que cambia a un ritmo vertiginoso, impulsado por avances tecnol\u00f3gicos y desaf\u00edos sociales complejos, es imperativo que las instituciones educativas replanteen su enfoque formativo.<\/p>\n","protected":false},"author":1,"featured_media":26675,"comment_status":"closed","ping_status":"closed","sticky":false,"template":"","format":"standard","meta":{"footnotes":""},"categories":[3,11,7,3842],"tags":[2118,337,273,132,247,133],"class_list":["post-26674","post","type-post","status-publish","format-standard","has-post-thumbnail","hentry","category-al-dia","category-educacion","category-opinion","category-politicas-publicas","tag-semanariolocal","tag-informacion","tag-noticias","tag-osorno","tag-region-de-los-lagos","tag-semanario-local"],"_links":{"self":[{"href":"https:\/\/www.semanariolocal.cl\/index.php?rest_route=\/wp\/v2\/posts\/26674","targetHints":{"allow":["GET"]}}],"collection":[{"href":"https:\/\/www.semanariolocal.cl\/index.php?rest_route=\/wp\/v2\/posts"}],"about":[{"href":"https:\/\/www.semanariolocal.cl\/index.php?rest_route=\/wp\/v2\/types\/post"}],"author":[{"embeddable":true,"href":"https:\/\/www.semanariolocal.cl\/index.php?rest_route=\/wp\/v2\/users\/1"}],"replies":[{"embeddable":true,"href":"https:\/\/www.semanariolocal.cl\/index.php?rest_route=%2Fwp%2Fv2%2Fcomments&post=26674"}],"version-history":[{"count":2,"href":"https:\/\/www.semanariolocal.cl\/index.php?rest_route=\/wp\/v2\/posts\/26674\/revisions"}],"predecessor-version":[{"id":26677,"href":"https:\/\/www.semanariolocal.cl\/index.php?rest_route=\/wp\/v2\/posts\/26674\/revisions\/26677"}],"wp:featuredmedia":[{"embeddable":true,"href":"https:\/\/www.semanariolocal.cl\/index.php?rest_route=\/wp\/v2\/media\/26675"}],"wp:attachment":[{"href":"https:\/\/www.semanariolocal.cl\/index.php?rest_route=%2Fwp%2Fv2%2Fmedia&parent=26674"}],"wp:term":[{"taxonomy":"category","embeddable":true,"href":"https:\/\/www.semanariolocal.cl\/index.php?rest_route=%2Fwp%2Fv2%2Fcategories&post=26674"},{"taxonomy":"post_tag","embeddable":true,"href":"https:\/\/www.semanariolocal.cl\/index.php?rest_route=%2Fwp%2Fv2%2Ftags&post=26674"}],"curies":[{"name":"wp","href":"https:\/\/api.w.org\/{rel}","templated":true}]}}