{"id":2662,"date":"2021-10-26T12:05:42","date_gmt":"2021-10-26T15:05:42","guid":{"rendered":"https:\/\/www.semanariolocal.cl\/?p=2662"},"modified":"2021-10-26T12:05:42","modified_gmt":"2021-10-26T15:05:42","slug":"literatura-recomendada-misterio-e-intriga-rodean-la-historia-de-los-brujos-de-chiloe","status":"publish","type":"post","link":"https:\/\/www.semanariolocal.cl\/?p=2662","title":{"rendered":"Literatura Recomendada: Misterio e intriga rodean la historia de los brujos de Chilo\u00e9"},"content":{"rendered":"\n<p style=\"font-size:17px\">En&nbsp;<em>La hermandad de la Casa Grande<\/em>&nbsp;se relata, utilizando el formato de novela negra e hist\u00f3rica, el juicio del Estado chileno a los brujos de Chilo\u00e9 en 1879. Los hechos ocurren el a\u00f1o en que al norte de Chile se defienden las inversiones extranjeras en la Guerra del Pac\u00edfico y al sur se difunden rumores de violencia, superstici\u00f3n y de un Estado incapaz de imponer su ley.<\/p>\n\n\n\n<p style=\"font-size:17px\">Ante esta situaci\u00f3n, la \u00e9lite busca condenar a los autodenominados brujos, los que se organizan como La Recta Provincia o La Hermandad de la Casa Grande, una agrupaci\u00f3n que aterroriza a la poblaci\u00f3n con viejas creencias ind\u00edgenas y que generan confusi\u00f3n al cambiar el nombre de las localidades de la isla por Buenos Aires, Villarrica y Salamanca. Por esas mentiras, o para asegurar un inestable orgullo nacional, coroneles y tenientes deciden darle fin a cosas que un mortal no tiene el poder de terminar.<\/p>\n\n\n\n<p style=\"font-size:17px\">Eduardo P\u00e9rez Arroyo (Chill\u00e1n, 1977), autor de esta obra literaria estudi\u00f3 Historia del Arte en la Universidad de Chile e Historia y Geograf\u00eda en la Universidad ARCIS, y emigr\u00f3 a M\u00e9xico en 2008. Ha publicado cuentos, cr\u00f3nicas, ensayos y art\u00edculos en Espa\u00f1a (Literatura comprimida, 2007), Chile (diarios La Discusi\u00f3n, The Clinic y El Mercurio) y M\u00e9xico (diarios La Voz de Michoac\u00e1n y Provincia, revistas Letra Franca y Rev\u00e9s). En la actualidad se dedica al periodismo y las comunicaciones, y publica regularmente en revistas y peri\u00f3dicos en Chile y M\u00e9xico.\u00a0<\/p>\n\n\n\n<p style=\"font-size:17px\"><br>Por esta novela obtuvo la beca de creaci\u00f3n del Ministerio de las Culturas y las Artes de Chile (2017) y fue Primer Finalista del VII Concurso de Novela de Cr\u00edmenes Medell\u00edn Negro (2018).\u00a0<\/p>\n\n\n\n<p style=\"font-size:17px\">Consultado respecto a algunos aspecto de esta obra se\u00f1ala<\/p>\n\n\n\n<p style=\"font-size:17px\"><strong>\u00bfC\u00f3mo fue el proceso de construcci\u00f3n de los perfiles de los personajes? \u00bfEn qu\u00e9 te inspiraste?&nbsp;<\/strong><\/p>\n\n\n\n<p style=\"font-size:17px\">Primero, en la historia de Chile porque muchos de los personajes existieron.&nbsp;<br>Dicho eso, sus caracter\u00edsticas son completamente ficticias y para crearlas me fij\u00e9 directamente en pel\u00edculas y c\u00f3mics. La hermandad es un libro desmesuradamente extenso, y para facilitar la tarea al lector quise agregarle las im\u00e1genes m\u00e1s cinematogr\u00e1ficas de las que fuera capaz. De ah\u00ed las luchas, las piruetas, las boleadoras, las escenas del imbunche o los cad\u00e1veres en los corrales de pesca. Se necesitaban personajes que sorprendieran, entretuvieran o interesaran, pero que jam\u00e1s aburrieran. Por fortuna, la historia real del juicio a los brujos de Chilo\u00e9 est\u00e1 llena de ellos.<br><br>Aunque estoy lejos de ser un experto, soy un gran fan del cine negro \u2014y todos sus derivados\u2014 y de los c\u00f3mics japoneses bizarros llenos de escenas que resultan notables aunque a menudo no tengan mayor explicaci\u00f3n. De esos elementos se extrajeron las caracter\u00edsticas de los personajes de la novela. Finalmente no importa cu\u00e1n realista sea una historia, sino que est\u00e9 bien contada.<br><br><strong>\u2014\u00bfDe qu\u00e9 manera aport\u00f3 tu permanencia en M\u00e9xico a la creaci\u00f3n del imaginario del libro, como costumbres, religi\u00f3n, fanatismo, entre otros?<\/strong><\/p>\n\n\n\n<p style=\"font-size:17px\">Fue fundamental. He vivido en Michoac\u00e1n durante 14 a\u00f1os y observ\u00e9 de cerca la crisis que gener\u00f3 el narco, y sobre todo, el infructuoso esfuerzo de distintos gobiernos por resolver el problema. Por razones ajenas a la novela (soy periodista) me puse a estudiar sobre el tema y llegu\u00e9 a la conclusi\u00f3n de que es imposible eliminar o siquiera derrotar al narcotr\u00e1fico en Michoac\u00e1n y en cualquier parte por una gran raz\u00f3n: los narcos, cuyo negocio es la muerte, no solo son los criminales profesionales. Son tambi\u00e9n nuestros vecinos y conocidos, nuestros primos y parientes, nuestros profesores de b\u00e1sica, nuestros se\u00f1ores que atienden el negocio de la esquina. Estructuras sociales enteras est\u00e1n fundadas en ese negocio. Y los gobiernos pueden derrotar, encarcelar o liquidar a unos cuantos asesinos a sueldo, pero nunca podr\u00e1n hacer desaparecer las redes familiares, las historias de vida conjuntas, el pasado com\u00fan, los afectos.<br><br>Todo ese principio descrito aplica a los brujos de Chilo\u00e9 \u2014y si estiramos un poco el asunto, tambi\u00e9n aplica a las derrotas de EU en Vietnam y Afganist\u00e1n\u2026\u2014, y de esa forma imagin\u00e9 y trat\u00e9 la existencia de esa cofrad\u00eda.<\/p>\n","protected":false},"excerpt":{"rendered":"<p>A trav\u00e9s de 509 p\u00e1ginas, el libro de Eduardo P\u00e9rez Arroyo, ahonda en el juicio del Estado chileno hacia los brujos de Chilo\u00e9 alrededor del a\u00f1o 1879. El autor fue el Primer finalista del VII Concurso de Novela de Cr\u00edmenes Medell\u00edn Negro en el a\u00f1o 2018 y adem\u00e1s obtuvo la beca de creaci\u00f3n del Ministerio de las Culturas y las Artes de Chile en 2017. <\/p>\n","protected":false},"author":1,"featured_media":2663,"comment_status":"closed","ping_status":"closed","sticky":false,"template":"","format":"standard","meta":{"footnotes":""},"categories":[10],"tags":[],"class_list":["post-2662","post","type-post","status-publish","format-standard","has-post-thumbnail","hentry","category-cultura"],"_links":{"self":[{"href":"https:\/\/www.semanariolocal.cl\/index.php?rest_route=\/wp\/v2\/posts\/2662","targetHints":{"allow":["GET"]}}],"collection":[{"href":"https:\/\/www.semanariolocal.cl\/index.php?rest_route=\/wp\/v2\/posts"}],"about":[{"href":"https:\/\/www.semanariolocal.cl\/index.php?rest_route=\/wp\/v2\/types\/post"}],"author":[{"embeddable":true,"href":"https:\/\/www.semanariolocal.cl\/index.php?rest_route=\/wp\/v2\/users\/1"}],"replies":[{"embeddable":true,"href":"https:\/\/www.semanariolocal.cl\/index.php?rest_route=%2Fwp%2Fv2%2Fcomments&post=2662"}],"version-history":[{"count":1,"href":"https:\/\/www.semanariolocal.cl\/index.php?rest_route=\/wp\/v2\/posts\/2662\/revisions"}],"predecessor-version":[{"id":2664,"href":"https:\/\/www.semanariolocal.cl\/index.php?rest_route=\/wp\/v2\/posts\/2662\/revisions\/2664"}],"wp:featuredmedia":[{"embeddable":true,"href":"https:\/\/www.semanariolocal.cl\/index.php?rest_route=\/wp\/v2\/media\/2663"}],"wp:attachment":[{"href":"https:\/\/www.semanariolocal.cl\/index.php?rest_route=%2Fwp%2Fv2%2Fmedia&parent=2662"}],"wp:term":[{"taxonomy":"category","embeddable":true,"href":"https:\/\/www.semanariolocal.cl\/index.php?rest_route=%2Fwp%2Fv2%2Fcategories&post=2662"},{"taxonomy":"post_tag","embeddable":true,"href":"https:\/\/www.semanariolocal.cl\/index.php?rest_route=%2Fwp%2Fv2%2Ftags&post=2662"}],"curies":[{"name":"wp","href":"https:\/\/api.w.org\/{rel}","templated":true}]}}