{"id":26579,"date":"2025-02-03T08:30:00","date_gmt":"2025-02-03T11:30:00","guid":{"rendered":"https:\/\/www.semanariolocal.cl\/?p=26579"},"modified":"2025-02-04T09:56:10","modified_gmt":"2025-02-04T12:56:10","slug":"derecho-ulagos-socializa-las-modificaciones-de-la-ley-de-compras-publicas","status":"publish","type":"post","link":"https:\/\/www.semanariolocal.cl\/?p=26579","title":{"rendered":"Derecho ULagos socializa las modificaciones de la Ley de Compras P\u00fablicas"},"content":{"rendered":"\n<p><strong><mark style=\"background-color:#abb8c3\" class=\"has-inline-color has-white-color\">03 de Febrero del 2025.-<\/mark><\/strong> La actividad reuni\u00f3 a diferentes entidades p\u00fablicas y privadas de la Regi\u00f3n de Los Lagos, en la sala Mafalda Mora de la Corporaci\u00f3n Cultural de Puerto Montt.<\/p>\n\n\n\n<p>Fue el 11 de diciembre del a\u00f1o 2023, que se public\u00f3 en el Diario Oficial la Ley 21.634, la que llega a modernizar la 19.886 de Compras P\u00fablicas vigente desde el a\u00f1o 2003 y fue el 17 de diciembre del 2024, donde se public\u00f3 el nuevo reglamento de la actual Ley de Compras. Por esta raz\u00f3n, acad\u00e9micos\/as y estudiantes de la carrera de Derecho, organizaron este seminario con la finalidad de poder acercar a funcionarias\/os p\u00fablicos, entidades privadas y a la comunidad en general, cu\u00e1les son las principales diferencias al momento de realizar compras y contrataciones.&nbsp;<\/p>\n\n\n\n<p>\u201cHace m\u00e1s de un a\u00f1o se modific\u00f3 la Ley de Compras P\u00fablicas y actualmente se acaba&nbsp;de publicar el reglamento de dicha&nbsp;ley&nbsp;el cual&nbsp;dej\u00f3 sin efecto&nbsp;al del&nbsp;a\u00f1o 2004. Estamos hablando de la mayor reforma que se ha introducido a la materia de compras p\u00fablicas, entonces la ocasi\u00f3n m\u00e1s propicia para presentar este seminario y estamos muy complacidos&nbsp;de contar con expositores que son expertos en esta materia\u201d, se\u00f1al\u00f3&nbsp;el abogado&nbsp;Sergio Zapata, director docente de la carrera de Derecho del Campus Puerto Montt.&nbsp;<\/p>\n\n\n\n<p>En tanto, la acad\u00e9mica Karen Asenjo, coordinadora de esta actividad, agreg\u00f3:<a><\/a>&nbsp;\u201cestamos&nbsp;interiorizando a nuestros\/as estudiantes&nbsp;para&nbsp;que entiendan&nbsp;c\u00f3mo el Derecho se desarrolla en el \u00e1mbito&nbsp;p\u00fablico.&nbsp;La Ley de Compra impregna todo el ejercicio de la funci\u00f3n p\u00fablica&nbsp;que se extiende no solamente al&nbsp;aparato estatal sino que tambi\u00e9n a entidades de derecho privado, corporaciones, fundaciones y asociaciones que ejecutan fondos p\u00fablicos\u201d.<\/p>\n\n\n\n<p>Finalmente, para Eduardo Vicu\u00f1a, director del Departamento de Ciencias Sociales de la ULagos, la importancia de este seminario radica en&nbsp;que&nbsp;\u201cnos posiciona tanto a nivel regional como nacional con tem\u00e1ticas relevantes, lo que&nbsp;permite que confluyan distintos saberes y organismos en esta actividad,donde&nbsp;diferentes entidades&nbsp;p\u00fablicas est\u00e1n participando y se est\u00e1n formando e informando a trav\u00e9s de&nbsp;este seminario\u201d, inform\u00f3.<\/p>\n","protected":false},"excerpt":{"rendered":"<p>La carrera de Derecho de la Universidad de Los Lagos, realiz\u00f3 el seminario \u201cDebate en torno a la Ley de Compras a un a\u00f1o de su publicaci\u00f3n y novedades del reglamento\u201d.<\/p>\n","protected":false},"author":1,"featured_media":26580,"comment_status":"closed","ping_status":"closed","sticky":false,"template":"","format":"standard","meta":{"footnotes":""},"categories":[3302,3,12,11,3700,3800],"tags":[2118,337,273,247,133,297],"class_list":["post-26579","post","type-post","status-publish","format-standard","has-post-thumbnail","hentry","category-academia","category-al-dia","category-economia","category-educacion","category-finanzas","category-mercado","tag-semanariolocal","tag-informacion","tag-noticias","tag-region-de-los-lagos","tag-semanario-local","tag-universidad-de-los-lagos"],"_links":{"self":[{"href":"https:\/\/www.semanariolocal.cl\/index.php?rest_route=\/wp\/v2\/posts\/26579","targetHints":{"allow":["GET"]}}],"collection":[{"href":"https:\/\/www.semanariolocal.cl\/index.php?rest_route=\/wp\/v2\/posts"}],"about":[{"href":"https:\/\/www.semanariolocal.cl\/index.php?rest_route=\/wp\/v2\/types\/post"}],"author":[{"embeddable":true,"href":"https:\/\/www.semanariolocal.cl\/index.php?rest_route=\/wp\/v2\/users\/1"}],"replies":[{"embeddable":true,"href":"https:\/\/www.semanariolocal.cl\/index.php?rest_route=%2Fwp%2Fv2%2Fcomments&post=26579"}],"version-history":[{"count":1,"href":"https:\/\/www.semanariolocal.cl\/index.php?rest_route=\/wp\/v2\/posts\/26579\/revisions"}],"predecessor-version":[{"id":26581,"href":"https:\/\/www.semanariolocal.cl\/index.php?rest_route=\/wp\/v2\/posts\/26579\/revisions\/26581"}],"wp:featuredmedia":[{"embeddable":true,"href":"https:\/\/www.semanariolocal.cl\/index.php?rest_route=\/wp\/v2\/media\/26580"}],"wp:attachment":[{"href":"https:\/\/www.semanariolocal.cl\/index.php?rest_route=%2Fwp%2Fv2%2Fmedia&parent=26579"}],"wp:term":[{"taxonomy":"category","embeddable":true,"href":"https:\/\/www.semanariolocal.cl\/index.php?rest_route=%2Fwp%2Fv2%2Fcategories&post=26579"},{"taxonomy":"post_tag","embeddable":true,"href":"https:\/\/www.semanariolocal.cl\/index.php?rest_route=%2Fwp%2Fv2%2Ftags&post=26579"}],"curies":[{"name":"wp","href":"https:\/\/api.w.org\/{rel}","templated":true}]}}