{"id":26440,"date":"2025-01-29T11:30:00","date_gmt":"2025-01-29T14:30:00","guid":{"rendered":"https:\/\/www.semanariolocal.cl\/?p=26440"},"modified":"2025-01-30T22:05:59","modified_gmt":"2025-01-31T01:05:59","slug":"como-afrontar-el-duelo-de-una-mascota","status":"publish","type":"post","link":"https:\/\/www.semanariolocal.cl\/?p=26440","title":{"rendered":"C\u00f3mo afrontar el duelo de una mascota?"},"content":{"rendered":"\n<p><strong><mark style=\"background-color:#abb8c3\" class=\"has-inline-color has-white-color\">29 de enero del 2025.-<\/mark><\/strong> Una mascota m\u00e1s que un animal bajo nuestro cuidado es un miembro activo de la familia, obtiene su rol y lugar especial debido a los v\u00ednculos que va creando a medida que va creciendo. Una de las experiencias m\u00e1s dif\u00edciles por las que transitaremos, es sin duda, la muerte de nuestros familiares, amigos, seres queridos y tambi\u00e9n de nuestras mascotas.<\/p>\n\n\n\n<p>Es natural sentirse devastado por sentimientos de dolor y tristeza cuando fallece una de nuestras mascotas.<\/p>\n\n\n\n<p>El duelo es un proceso normal que atraviesan todas las personas en alg\u00fan momento de sus vidas y es por esto, por lo que se debe respetar la forma en que lo afronta cada persona ya que es un proceso \u00fanico.<\/p>\n\n\n\n<p>El duelo puede definirse como un proceso natural y de adaptaci\u00f3n emocional que sigue a una p\u00e9rdida de un ser querido, caracter\u00edsticamente con consciencia de p\u00e9rdida y sentimientos de vac\u00edo.<\/p>\n\n\n\n<p>Es una experiencia de fragmentaci\u00f3n de la identidad, producida por la ruptura de un v\u00ednculo afectivo: una vivencia multidimensional que afecta no s\u00f3lo a nuestro cuerpo f\u00edsico y a nuestras emociones, sino tambi\u00e9n a nuestras relaciones con los dem\u00e1s y con nosotros mismos, a nuestras cogniciones, creencias y presuposiciones y a nuestro mundo interno existencial.<\/p>\n\n\n\n<p>Se identifican cinco etapas que cada duelo llega a tener, partiendo de las emociones ligadas al dolor intenso hasta la aceptaci\u00f3n de la p\u00e9rdida, entre las cuales presentan, la negaci\u00f3n, ira, negociaci\u00f3n, depresi\u00f3n y aceptaci\u00f3n.<\/p>\n\n\n\n<p>Es importante poder empatizar con los tutores que han perdida una mascota y disponer de un c\u00edrculo de apoyo intimo o incluso profesional que ayuden a superar cada una de estas etapas.<\/p>\n\n\n\n<p>Se considerar como parte del proceso de duelo una serie de tareas que debe asumir el tutor entre las cuales se destacan: aceptar la realidad de la p\u00e9rdida; trabajar las emociones y el dolor de la p\u00e9rdida; adaptarse a un entorno en el que el fallecido ya no est\u00e1; recolocar emocionalmente al fallecido y continuar viviendo.<\/p>\n\n\n\n<p>Si pensamos un momento, cu\u00e1l ser\u00eda el mensaje que nuestras mascotas al vernos sufrir por su partida nos podr\u00edan decir, seria quiz\u00e1s algo as\u00ed: <em>\u201cS\u00e9 que te entristece mi partida, pero me ten\u00eda que ir ya, quiero pedirte que no te culpes por nada, te escuch\u00e9 sollozar que tendr\u00edas que haber hecho algo m\u00e1s por m\u00ed, no digas eso, hiciste mucho, sin ti no hubiese conocido todo lo lindo que hoy me llevo conmigo\u201d.<\/em><\/p>\n\n\n\n<p><strong>Manuel Saldivia Paredes, docente de Medicina Veterinaria de la Universidad Santo Tom\u00e1s Puerto Montt.<\/strong><\/p>\n","protected":false},"excerpt":{"rendered":"<p>Es natural sentirse devastado por sentimientos de dolor y tristeza cuando fallece una de nuestras mascotas.<\/p>\n","protected":false},"author":1,"featured_media":26441,"comment_status":"closed","ping_status":"closed","sticky":false,"template":"","format":"standard","meta":{"footnotes":""},"categories":[3,8,11,2496,2483],"tags":[2118,337,3831,273,113,247,133,373],"class_list":["post-26440","post","type-post","status-publish","format-standard","has-post-thumbnail","hentry","category-al-dia","category-comunas","category-educacion","category-nacional","category-region","tag-semanariolocal","tag-informacion","tag-manuel-saldivia-paredes","tag-noticias","tag-puerto-montt","tag-region-de-los-lagos","tag-semanario-local","tag-universidad-santo-tomas"],"_links":{"self":[{"href":"https:\/\/www.semanariolocal.cl\/index.php?rest_route=\/wp\/v2\/posts\/26440","targetHints":{"allow":["GET"]}}],"collection":[{"href":"https:\/\/www.semanariolocal.cl\/index.php?rest_route=\/wp\/v2\/posts"}],"about":[{"href":"https:\/\/www.semanariolocal.cl\/index.php?rest_route=\/wp\/v2\/types\/post"}],"author":[{"embeddable":true,"href":"https:\/\/www.semanariolocal.cl\/index.php?rest_route=\/wp\/v2\/users\/1"}],"replies":[{"embeddable":true,"href":"https:\/\/www.semanariolocal.cl\/index.php?rest_route=%2Fwp%2Fv2%2Fcomments&post=26440"}],"version-history":[{"count":3,"href":"https:\/\/www.semanariolocal.cl\/index.php?rest_route=\/wp\/v2\/posts\/26440\/revisions"}],"predecessor-version":[{"id":26445,"href":"https:\/\/www.semanariolocal.cl\/index.php?rest_route=\/wp\/v2\/posts\/26440\/revisions\/26445"}],"wp:featuredmedia":[{"embeddable":true,"href":"https:\/\/www.semanariolocal.cl\/index.php?rest_route=\/wp\/v2\/media\/26441"}],"wp:attachment":[{"href":"https:\/\/www.semanariolocal.cl\/index.php?rest_route=%2Fwp%2Fv2%2Fmedia&parent=26440"}],"wp:term":[{"taxonomy":"category","embeddable":true,"href":"https:\/\/www.semanariolocal.cl\/index.php?rest_route=%2Fwp%2Fv2%2Fcategories&post=26440"},{"taxonomy":"post_tag","embeddable":true,"href":"https:\/\/www.semanariolocal.cl\/index.php?rest_route=%2Fwp%2Fv2%2Ftags&post=26440"}],"curies":[{"name":"wp","href":"https:\/\/api.w.org\/{rel}","templated":true}]}}