{"id":26427,"date":"2025-01-30T08:00:00","date_gmt":"2025-01-30T11:00:00","guid":{"rendered":"https:\/\/www.semanariolocal.cl\/?p=26427"},"modified":"2025-01-30T21:02:22","modified_gmt":"2025-01-31T00:02:22","slug":"emprendedoras-fueron-certificadas-por-capitacion-de-municipalidad-de-osorno-y-ulagos","status":"publish","type":"post","link":"https:\/\/www.semanariolocal.cl\/?p=26427","title":{"rendered":"Emprendedoras fueron certificadas por capitaci\u00f3n de Municipalidad de Osorno y Ulagos"},"content":{"rendered":"\n<p><strong><mark style=\"background-color:#abb8c3\" class=\"has-inline-color has-white-color\">30 de Enero del 2025.- <\/mark><\/strong> M\u00e1s de 60 emprendedoras de la ciudad, ganadoras de los fondos E-100 y Conckreta, que entreg\u00f3 el municipio de Osorno, recibieron sus diplomas tras participar con \u00e9xito de los diversos talleres de capacitaci\u00f3n que consider\u00f3 la \u201cEscuela de Emprendimiento\u201d, que ejecut\u00f3 la Universidad de Los Lagos, en alianza con la Casa Edilicia local.<\/p>\n\n\n\n<p>Esta ceremonia se efectu\u00f3 en el Sal\u00f3n Audit\u00f3rium del Centro de Atenci\u00f3n al Vecino y fue encabezada por el alcalde Jaime Bertin, junto al rector de esta instituci\u00f3n educativa, \u00d3scar Garrido, y la concejala Mar\u00eda Teresa Valderas, ocasi\u00f3n donde la autoridad comunal se\u00f1al\u00f3 que \u201cac\u00e1 lo importante es que estas mujeres demostraron que est\u00e1n interesadas en cambiar su vida, a trav\u00e9s de sus emprendimientos, y en ese anhelo fue clave el rol jugado por la Universidad de Los Lagos, que dict\u00f3, de forma gratuita, estos cursos, en \u00e1reas relevantes para que las ideas de negocios de estas osorninas sean un \u00e9xito en el futuro\u201d.<\/p>\n\n\n\n<p>Una de las participantes en esta exitosa \u201cEscuela de Emprendimiento\u201d fue Runeth Castro, que se dedica al rubro de Costura y Confecci\u00f3n y quien valor\u00f3 haber tenido esta oportunidad de capacitarse, \u201cya que las clases fueron muy buenas y tienen el respaldo de una universidad, lo que es un sustento importante para todo lo que pudimos aprender. Adem\u00e1s, quisiera destacar que hicimos un buen grupo de estudio con las dem\u00e1s mujeres, lo que ayud\u00f3 a que todas pudi\u00e9ramos egresar con \u00e9xito\u201d.<\/p>\n\n\n\n<p>Cabe destacar que los talleres que fueron dictados a estas emprendedoras se efectuaron durante los meses de octubre y noviembre del a\u00f1o pasado y abarcaron materias como C\u00e1lculo de Costos, Confecci\u00f3n de Flujo de Caja, Aspectos Laborales y Previsionales, Educaci\u00f3n Financiera, Manejo de Redes Sociales y Manipulaci\u00f3n e Higiene de Alimentos.<\/p>\n\n\n\n<p><\/p>\n","protected":false},"excerpt":{"rendered":"<p>Cabe destacar que los talleres que fueron dictados a estas emprendedoras se efectuaron durante los meses de octubre y noviembre del a\u00f1o pasado.<\/p>\n","protected":false},"author":1,"featured_media":26428,"comment_status":"closed","ping_status":"closed","sticky":false,"template":"","format":"standard","meta":{"footnotes":""},"categories":[3,8,11,3597],"tags":[2118,1435,337,3481,273,86,247,133,297],"class_list":["post-26427","post","type-post","status-publish","format-standard","has-post-thumbnail","hentry","category-al-dia","category-comunas","category-educacion","category-municipalidad","tag-semanariolocal","tag-alcalde-de-osorno","tag-informacion","tag-jaime-bertin-valenzuela","tag-noticias","tag-oscar-garrido","tag-region-de-los-lagos","tag-semanario-local","tag-universidad-de-los-lagos"],"_links":{"self":[{"href":"https:\/\/www.semanariolocal.cl\/index.php?rest_route=\/wp\/v2\/posts\/26427","targetHints":{"allow":["GET"]}}],"collection":[{"href":"https:\/\/www.semanariolocal.cl\/index.php?rest_route=\/wp\/v2\/posts"}],"about":[{"href":"https:\/\/www.semanariolocal.cl\/index.php?rest_route=\/wp\/v2\/types\/post"}],"author":[{"embeddable":true,"href":"https:\/\/www.semanariolocal.cl\/index.php?rest_route=\/wp\/v2\/users\/1"}],"replies":[{"embeddable":true,"href":"https:\/\/www.semanariolocal.cl\/index.php?rest_route=%2Fwp%2Fv2%2Fcomments&post=26427"}],"version-history":[{"count":1,"href":"https:\/\/www.semanariolocal.cl\/index.php?rest_route=\/wp\/v2\/posts\/26427\/revisions"}],"predecessor-version":[{"id":26429,"href":"https:\/\/www.semanariolocal.cl\/index.php?rest_route=\/wp\/v2\/posts\/26427\/revisions\/26429"}],"wp:featuredmedia":[{"embeddable":true,"href":"https:\/\/www.semanariolocal.cl\/index.php?rest_route=\/wp\/v2\/media\/26428"}],"wp:attachment":[{"href":"https:\/\/www.semanariolocal.cl\/index.php?rest_route=%2Fwp%2Fv2%2Fmedia&parent=26427"}],"wp:term":[{"taxonomy":"category","embeddable":true,"href":"https:\/\/www.semanariolocal.cl\/index.php?rest_route=%2Fwp%2Fv2%2Fcategories&post=26427"},{"taxonomy":"post_tag","embeddable":true,"href":"https:\/\/www.semanariolocal.cl\/index.php?rest_route=%2Fwp%2Fv2%2Ftags&post=26427"}],"curies":[{"name":"wp","href":"https:\/\/api.w.org\/{rel}","templated":true}]}}