{"id":26397,"date":"2025-01-25T08:15:00","date_gmt":"2025-01-25T11:15:00","guid":{"rendered":"https:\/\/www.semanariolocal.cl\/?p=26397"},"modified":"2025-01-25T09:20:31","modified_gmt":"2025-01-25T12:20:31","slug":"encuentro-nacional-de-pescadores-artesanales-un-llamado-a-la-accion-por-una-nueva-ley-de-pesca","status":"publish","type":"post","link":"https:\/\/www.semanariolocal.cl\/?p=26397","title":{"rendered":"Encuentro nacional de pescadores artesanales: Un llamado a la acci\u00f3n por una nueva Ley de Pesca"},"content":{"rendered":"\n<p><strong>25 de enero del 2025.-<\/strong> Con la presencia de autoridades locales y nacionales, El Consejo Nacional para la Defensa del Patrimonio Pesquero (Condepp AG)\u00a0 realiz\u00f3 su segundo encuentro nacional de pescadores artesanales en Caleta Lo Rojas de Coronel, instancia que tambi\u00e9n cont\u00f3 con representantes desde la Regi\u00f3n del Bio B\u00edo a Los Lagos y que se enmarca dentro del programa de fortalecimiento deI Instituto Nacional de Desarrollo Sustentable de la Pesca Artesanal y de la Acuicultura de Peque\u00f1a Escala (Indespa)<\/p>\n\n\n\n<p>En la ocasi\u00f3n, el presidente de Condepp, Hern\u00e1n Cort\u00e9s Bernal, dijo que el objetivo de este tipo de encuentros es que todos sus asociados conozcan los temas que, como gremio, les interesa que se puedan sacar adelante, como por ejemplo, la plataforma social, la Ley Bent\u00f3nica, Ley de Caletas&nbsp; \u201cy que la Ley de Pesca que no sea vista como es mirada la que tenemos actualmente, como es la Ley Longueira que es Ley corrupta y son temas que a nosotros nos interesa dialogar, conversar y difundir\u201d.<\/p>\n\n\n\n<p>A su vez, el directivo explic\u00f3 que para ellos, como gremio es relevante tratar temas de contingencia como el libre tr\u00e1nsito de los pescadores por el pa\u00eds, a lo que se a\u00f1ade la Ley de Fraccionamiento que se est\u00e1 discutiendo en el parlamento y que, por estos d\u00edas, \u201cse vot\u00f3 en particular el tema de los porcentajes que iban a quedar respecto de algunas pesquer\u00edas\u201d, detall\u00f3 Hern\u00e1n Cort\u00e9s, precisando que espera que exista un fraccionamiento justo para los pescadores del pa\u00eds, ya que su gremio, la Condepp, precisamente naci\u00f3 en 2012 para pelear contra la Ley Longueira, la actual ley de pesca.<\/p>\n\n\n\n<p>\u201cSab\u00edamos que era una Ley corrupta y lo demostramos en los tribunales, y lo demostramos ganando en el Congreso, que en su conjunto, diputados y senadores, declararon que era una Ley viciada y que hoy en d\u00eda el proyecto est\u00e1 durmiendo en la Comisi\u00f3n de Constituci\u00f3n para ser anulada, entonces el tiempo nos dio la raz\u00f3n\u201d, enfatiz\u00f3 el presidente de Condepp.<\/p>\n\n\n\n<p>Cort\u00e9s remarc\u00f3 que durante este tiempo, como gremio han estado \u201cen la calle peleando por nuestras reivindicaciones y tambi\u00e9n en el Parlamento, en los distintos escenarios y hemos mantenido la l\u00ednea, porque quer\u00edamos un nuevo proyecto de ley\u201d, que mejorara el fraccionamiento a favor de una resta internacional y una plataforma social y \u201cel presidente Boric se comprometi\u00f3 con eso y lo cumpli\u00f3\u201d.<\/p>\n\n\n\n<p>Asimismo, puntualiz\u00f3 que si bien se avanz\u00f3 en la idea de legislar, \u201ctodav\u00eda queda un paso igual o m\u00e1s importante, que es que este proyecto pase por la sala para la votaci\u00f3n de los Senadores. Entonces, todav\u00eda no podemos cantar victoria hasta que eso no ocurra\u201d, precis\u00f3 Cort\u00e9s.<\/p>\n\n\n\n<p><strong>Perspectiva de g\u00e9nero<\/strong><\/p>\n\n\n\n<p>La cita nacional de los pescadores artesanales desarrollada en Caleta Lo Rojas, cont\u00f3 con la presencia de Sara Garrido, presidenta de la Corporaci\u00f3n Nacional de Mujeres de la Pesca Artesanal de Chile, destac\u00f3 que en el encuentro se trataron temas relevantes para la pesca y sobre todo, para las mujeres y las nuevas leyes y reglamentos que est\u00e1n en el horizonte, como lo es la Ley de Caletas.<\/p>\n\n\n\n<p>La dirigente destac\u00f3 que hoy en d\u00eda existen \u201ccambios a la Ley 21.027, que tienen que ver con incorporar el enfoque de g\u00e9nero en la toma de decisiones de la administraci\u00f3n de los puertos pesqueros y, por otro lado, la infraestructura portuaria, que no es un tema menor para nosotras\u201d, enfatizando que es de suma importancia que est\u00e9n en conocimiento de los y las pescadoras.<\/p>\n\n\n\n<p>Sara Garrido especific\u00f3 que s\u00f3lo en la Regi\u00f3n de Los Lagos hay sobre 14.000 mujeres con registro pesquero artesanal y que dicho registro aumentar\u00e1 d\u00eda a d\u00eda, \u201cporque en el caso de Los Lagos,&nbsp; tienen abierto el recurso Luga Roja. Por lo tanto, el registro pesquero est\u00e1 abierto para inscribirse como recolectora de alga, cuesti\u00f3n que en otras regiones no existe. Pero la Regi\u00f3n de Los Lagos es la regi\u00f3n que m\u00e1s mujeres tiene inscritas en el registro pesquero artesanal\u201d.<\/p>\n\n\n\n<p>A juicio de la presidenta de la Corporaci\u00f3n Nacional de Mujeres de la Pesca Artesanal, poco a poco se ha ido avanzando en algunos temas relacionados a la mujer y la pesca, como por ejemplo, la modificaci\u00f3n de la infraestructura portuaria con el objetivo de mejorar las condiciones laborales de ellas y que cuando exista una caleta se reconozca si existen mujeres, fileteadoras, encarnadoras, charqueadoras, etc.<\/p>\n\n\n\n<p>Bajo la misma premisa del enfoque de g\u00e9nero, Sonia Riffo, presidenta del sindicato Sipromar de Caleta Lo Rojas, remarc\u00f3 que \u201clo que nos importa es ser reconocidas en la Ley de Pesca como las charqueadoras, como la mujer de la pesca artesanal, ya que nunca hemos sido reconocidas y ahora s\u00ed est\u00e1n peleando para que seamos reconocidas como las charqueadoras\u201d, es decir, las mujeres que trabajan el pescado seco.<\/p>\n\n\n\n<p><strong>Visita Nacional<\/strong><\/p>\n\n\n\n<p>Si bien tanto de la Condepp como en Caleta Lo Rojas, extra\u00f1aron la presencia del Subsecretario de Pesca y Acuicultura, Julio Salas, y del equipo de la misma subsecretar\u00eda, quienes hab\u00edan comprometido su participaci\u00f3n en el programa de actividades y que producto de estar en instancias decisivas para el avance&nbsp; del proyecto de ley de fraccionamiento en la comisi\u00f3n de pesca del S<\/p>\n\n\n\n<p>enado, a \u00faltima hora tuvieron que suspender la participaci\u00f3n en este encuentro; &nbsp;quien s\u00ed estuvo presente fue Gisella Irribarra, jefa nacional del departamento de pesca artesanal Sernapesca, quien expuso los temas relacionados con la \u201cley de caletas, las caducidades y sus excepciones de la ley bent\u00f3nica, que son de gran relevancia para los pescadores y pescadoras para un desaf\u00edo arm\u00f3nico y social y econ\u00f3mico de las caletas y para mantener vigente el registro pesquero artesanal y evitar la caducidad este a\u00f1o\u201d.<\/p>\n\n\n\n<p>Del mismo modo enfatiz\u00f3 que \u201csiempre es importante que las organizaciones se junten a tratar los temas relevantes para la pesca artesanal y el conocimiento de la normativa actual y aquellas que se tratan en la futura Ley de Pesca\u201d, puntualiz\u00f3 Gisella Irribarra.<\/p>\n\n\n\n<p>A su vez, la jefa nacional de la pesca artesanal, destac\u00f3 que en el encuentro los asistentes mostraron mucho inter\u00e9s en conocer, de primera fuente, las tem\u00e1ticas relevantes para el gremio y las \u201cmodificaciones a las nuevas normativas que establecen la equidad de g\u00e9nero para la pesca artesanal y el compromiso que tiene la Condepp\u201d, puntualiz\u00f3.<\/p>\n\n\n\n<p>Y precisamente en cuanto a lo que viene para la Condepp, su presidente, Hern\u00e1n Cort\u00e9s Bernal, precis\u00f3 que los pr\u00f3ximos pasos son \u201ccontinuar apoyando y exigiendo tener un nuevo cuerpo legal\u201d, sentenci\u00f3 el dirigente gremial.<\/p>\n","protected":false},"excerpt":{"rendered":"<p>La cita se desarroll\u00f3 en Caleta Lo Rojas, fue organizada por el Consejo Nacional para la Defensa del Patrimonio Pesquero (Condepp AG) y se enmarc\u00f3 dentro del programa de fortalecimiento para organizaciones de tercer nivel de Indespa. Asistieron dirigentes de la pesca artesanal desde Bio B\u00edo a Los Lagos.<\/p>\n","protected":false},"author":1,"featured_media":26398,"comment_status":"closed","ping_status":"closed","sticky":false,"template":"","format":"standard","meta":{"footnotes":""},"categories":[3,3123,2493,3219],"tags":[],"class_list":["post-26397","post","type-post","status-publish","format-standard","has-post-thumbnail","hentry","category-al-dia","category-litoral","category-pesca","category-recursos-maritimos"],"_links":{"self":[{"href":"https:\/\/www.semanariolocal.cl\/index.php?rest_route=\/wp\/v2\/posts\/26397","targetHints":{"allow":["GET"]}}],"collection":[{"href":"https:\/\/www.semanariolocal.cl\/index.php?rest_route=\/wp\/v2\/posts"}],"about":[{"href":"https:\/\/www.semanariolocal.cl\/index.php?rest_route=\/wp\/v2\/types\/post"}],"author":[{"embeddable":true,"href":"https:\/\/www.semanariolocal.cl\/index.php?rest_route=\/wp\/v2\/users\/1"}],"replies":[{"embeddable":true,"href":"https:\/\/www.semanariolocal.cl\/index.php?rest_route=%2Fwp%2Fv2%2Fcomments&post=26397"}],"version-history":[{"count":1,"href":"https:\/\/www.semanariolocal.cl\/index.php?rest_route=\/wp\/v2\/posts\/26397\/revisions"}],"predecessor-version":[{"id":26399,"href":"https:\/\/www.semanariolocal.cl\/index.php?rest_route=\/wp\/v2\/posts\/26397\/revisions\/26399"}],"wp:featuredmedia":[{"embeddable":true,"href":"https:\/\/www.semanariolocal.cl\/index.php?rest_route=\/wp\/v2\/media\/26398"}],"wp:attachment":[{"href":"https:\/\/www.semanariolocal.cl\/index.php?rest_route=%2Fwp%2Fv2%2Fmedia&parent=26397"}],"wp:term":[{"taxonomy":"category","embeddable":true,"href":"https:\/\/www.semanariolocal.cl\/index.php?rest_route=%2Fwp%2Fv2%2Fcategories&post=26397"},{"taxonomy":"post_tag","embeddable":true,"href":"https:\/\/www.semanariolocal.cl\/index.php?rest_route=%2Fwp%2Fv2%2Ftags&post=26397"}],"curies":[{"name":"wp","href":"https:\/\/api.w.org\/{rel}","templated":true}]}}