{"id":26339,"date":"2025-01-22T12:40:58","date_gmt":"2025-01-22T15:40:58","guid":{"rendered":"https:\/\/www.semanariolocal.cl\/?p=26339"},"modified":"2025-01-22T12:40:59","modified_gmt":"2025-01-22T15:40:59","slug":"nestle-celebra-40-anos-apoyando-las-semanas-musicales-de-frutillar","status":"publish","type":"post","link":"https:\/\/www.semanariolocal.cl\/?p=26339","title":{"rendered":"Nestl\u00e9 celebra 40 a\u00f1os apoyando las Semanas Musicales de Frutillar"},"content":{"rendered":"\n<p><strong><mark style=\"background-color:#abb8c3\" class=\"has-inline-color has-white-color\">22 de enero de 2025.- <\/mark><\/strong>Las Semanas Musicales de Frutillar, evento realizado desde 1968 en la ciudad tur\u00edstica de la Regi\u00f3n de Los Lagos, cuenta con el respaldo de Nestl\u00e9 Chile desde hace 40 a\u00f1os. En el marco de este trabajo colaborativo, la empresa presentar\u00e1 una nueva edici\u00f3n de su \u00abConcierto de Extensi\u00f3n\u00bb en enero de 2025, sin costo y accesible para los habitantes de Llanquihue.<\/p>\n\n\n\n<p>En esta versi\u00f3n del concierto, que se realizar\u00e1 el s\u00e1bado 25 de enero a las 19:00 en el Centro Deportivo Nestl\u00e9 en Llanquihue, se presentar\u00e1 la Banda Sinf\u00f3nica de la Fuerza A\u00e9rea de Chile, dirigida por Fabrizzio De-Negri Murillo, que interpretar\u00e1 destacadas obras de compositores cl\u00e1sicos buscando cautivar a espectadores de todas las generaciones.<\/p>\n\n\n\n<p><em>\u201cCelebrar 40 a\u00f1os de apoyo a las Semanas Musicales de Frutillar es un motivo de inmenso orgullo para Nestl\u00e9, ya que estos a\u00f1os nos han permitido generar un v\u00ednculo especial con la comunidad. Esto es un fiel reflejo de nuestro compromiso con la promoci\u00f3n de la cultura y el desarrollo de las comunidades en las que estamos presentes, como parte fundamental de nuestra misi\u00f3n en Chile\u201d,<\/em> se\u00f1al\u00f3 Alejandra Pizarro, Gerenta de F\u00e1brica Nestl\u00e9 Llanquihue.<br><br>Este evento formar\u00e1 parte de una serie de presentaciones gratuitas, que se realizar\u00e1n entre el s\u00e1bado 25 de enero y el martes 4 de febrero en diversas localidades, incluyendo Frutillar, R\u00edo Negro, Hornopir\u00e9n, La Uni\u00f3n y Ancud.<\/p>\n\n\n\n<figure class=\"wp-block-image size-large\"><img loading=\"lazy\" decoding=\"async\" width=\"1000\" height=\"600\" src=\"https:\/\/www.semanariolocal.cl\/wp-content\/uploads\/2025\/01\/musica2-1000x600.jpg\" alt=\"\" class=\"wp-image-26341\" srcset=\"https:\/\/www.semanariolocal.cl\/wp-content\/uploads\/2025\/01\/musica2-1000x600.jpg 1000w, https:\/\/www.semanariolocal.cl\/wp-content\/uploads\/2025\/01\/musica2-300x180.jpg 300w, https:\/\/www.semanariolocal.cl\/wp-content\/uploads\/2025\/01\/musica2-768x461.jpg 768w, https:\/\/www.semanariolocal.cl\/wp-content\/uploads\/2025\/01\/musica2.jpg 1200w\" sizes=\"auto, (max-width: 1000px) 100vw, 1000px\" \/><\/figure>\n","protected":false},"excerpt":{"rendered":"<p>Con instancia, totalmente gratuita para vecinos y vecinas de la comunidad, se realizar\u00e1 el s\u00e1bado 25 de enero una gran presentaci\u00f3n  en el Centro Deportivo Nestl\u00e9 Llanquihue.<\/p>\n","protected":false},"author":1,"featured_media":26340,"comment_status":"closed","ping_status":"closed","sticky":false,"template":"","format":"standard","meta":{"footnotes":""},"categories":[2691,10,2406,3807,2483],"tags":[2118,337,1029,510,964,273,247,133,2724],"class_list":["post-26339","post","type-post","status-publish","format-standard","has-post-thumbnail","hentry","category-arte","category-cultura","category-empresas","category-musica","category-region","tag-semanariolocal","tag-informacion","tag-llanquihue","tag-nestle-2","tag-nestle-chile","tag-noticias","tag-region-de-los-lagos","tag-semanario-local","tag-semanas-musicales-de-frutillar"],"_links":{"self":[{"href":"https:\/\/www.semanariolocal.cl\/index.php?rest_route=\/wp\/v2\/posts\/26339","targetHints":{"allow":["GET"]}}],"collection":[{"href":"https:\/\/www.semanariolocal.cl\/index.php?rest_route=\/wp\/v2\/posts"}],"about":[{"href":"https:\/\/www.semanariolocal.cl\/index.php?rest_route=\/wp\/v2\/types\/post"}],"author":[{"embeddable":true,"href":"https:\/\/www.semanariolocal.cl\/index.php?rest_route=\/wp\/v2\/users\/1"}],"replies":[{"embeddable":true,"href":"https:\/\/www.semanariolocal.cl\/index.php?rest_route=%2Fwp%2Fv2%2Fcomments&post=26339"}],"version-history":[{"count":1,"href":"https:\/\/www.semanariolocal.cl\/index.php?rest_route=\/wp\/v2\/posts\/26339\/revisions"}],"predecessor-version":[{"id":26342,"href":"https:\/\/www.semanariolocal.cl\/index.php?rest_route=\/wp\/v2\/posts\/26339\/revisions\/26342"}],"wp:featuredmedia":[{"embeddable":true,"href":"https:\/\/www.semanariolocal.cl\/index.php?rest_route=\/wp\/v2\/media\/26340"}],"wp:attachment":[{"href":"https:\/\/www.semanariolocal.cl\/index.php?rest_route=%2Fwp%2Fv2%2Fmedia&parent=26339"}],"wp:term":[{"taxonomy":"category","embeddable":true,"href":"https:\/\/www.semanariolocal.cl\/index.php?rest_route=%2Fwp%2Fv2%2Fcategories&post=26339"},{"taxonomy":"post_tag","embeddable":true,"href":"https:\/\/www.semanariolocal.cl\/index.php?rest_route=%2Fwp%2Fv2%2Ftags&post=26339"}],"curies":[{"name":"wp","href":"https:\/\/api.w.org\/{rel}","templated":true}]}}