{"id":26285,"date":"2025-01-20T20:58:48","date_gmt":"2025-01-20T23:58:48","guid":{"rendered":"https:\/\/www.semanariolocal.cl\/?p=26285"},"modified":"2025-01-20T22:18:53","modified_gmt":"2025-01-21T01:18:53","slug":"municipio-de-osorno-habilito-servicio-de-urgencia-pediatrica-en-cesfam-lopetegui","status":"publish","type":"post","link":"https:\/\/www.semanariolocal.cl\/?p=26285","title":{"rendered":"Municipio de Osorno habilit\u00f3 servicio de urgencia pedi\u00e1trica en Cesfam Lopetegui."},"content":{"rendered":"\n<p><strong><mark style=\"background-color:#abb8c3\" class=\"has-inline-color has-white-color\">20 de enero del 2025.- <\/mark><\/strong>El alcalde Jaime Bertin explic\u00f3 que con esta medida se busca agilizar los plazos de atenci\u00f3n de aquellos menores que presentes alguna enfermedad de cuidado los fines de semana, por ello el SAPU del Cesfam Dr. Marcelo Lopetegui, de calle Los Carrera, mantendr\u00e1 flujos de atenci\u00f3n diferenciada para pacientes adultos y pedi\u00e1tricos.<\/p>\n\n\n\n<p>Este s\u00e1bado 18 de enero, el jefe edilicio recorri\u00f3 el lugar donde abri\u00f3 el servicio de urgencia pedi\u00e1trica de Osorno, en compa\u00f1\u00eda de la Jefa del Departamento de Salud Municipal, Muriel Mu\u00f1oz, de la Subdirectora de Gesti\u00f3n Asistencial del Servicio de Salud de Osorno, Sandra Jim\u00e9nez, y de la enfermera a cargo de la implementaci\u00f3n de la Urgencia Pedi\u00e1trica, Paulina Soto.<\/p>\n\n\n\n<p>Bertin se mostr\u00f3 contento de cumplir con una de las demandas que le hizo saber la comunidad osornina, dando cuenta que los fines de semana no exist\u00eda atenci\u00f3n pedi\u00e1trica de urgencia exclusiva en la ciudad, por ello es que el municipio trabaj\u00f3 en la implementaci\u00f3n de este novedoso programa, que permitir\u00e1 que los padres puedan traer a sus hijos cuando presenten patolog\u00edas agudas.<\/p>\n\n\n\n<p>Por su parte la Subdirectora de Gesti\u00f3n Asistencial del Servicio de Salud de Osorno, valor\u00f3 esta acci\u00f3n llevada adelante por el municipio que se\u00f1al\u00f3, \u201cse trasforma en una iniciativa importante para la atenci\u00f3n pedi\u00e1trica de urgencia, que aumenta la cobertura de atenci\u00f3n, con un equipo multidisciplinario que podr\u00e1 atender las patolog\u00edas que se presenten, un esfuerzo importante en beneficio de la comunidad\u201d<\/p>\n\n\n\n<p>En tanto, la profesional a cargo de esta urgencia pedi\u00e1trica, Paulina Soto, junto con explicar el procedimiento, manifest\u00f3 que el lugar tendr\u00e1 conexi\u00f3n directa con el CRD municipal, donde los pacientes se podr\u00e1n realizar ex\u00e1menes de laboratorio e imagenolog\u00eda para entregar un diagn\u00f3stico oportuno y seguro.<\/p>\n\n\n\n<p>Se aclar\u00f3 que el servicio contar\u00e1 con un equipo cl\u00ednico multidisciplinario, que trabajar\u00e1 conectado con las unidades de apoyo para resolver el problema de salud del ni\u00f1o o ni\u00f1a. Los profesionales intervendr\u00e1n en patolog\u00edas de menor complejidad, no obstante, tambi\u00e9n se inform\u00f3 que habr\u00e1 derivaci\u00f3n al Hospital Base de Osorno, para dar continuidad al tratamiento en caso que se requiera de las prestaciones que ofrece dicho servicio.<\/p>\n","protected":false},"excerpt":{"rendered":"<p>La unidad atender\u00e1 a ni\u00f1os entre los 0 a los 15 a\u00f1os de edad, los d\u00edas s\u00e1bados; domingos y festivos, desde las 12:00 a las 20:00 horas.<\/p>\n","protected":false},"author":1,"featured_media":26286,"comment_status":"closed","ping_status":"closed","sticky":false,"template":"","format":"standard","meta":{"footnotes":""},"categories":[3,8,3597,2484],"tags":[2118,1435,337,3812,1115,273,132,247,1629,133],"class_list":["post-26285","post","type-post","status-publish","format-standard","has-post-thumbnail","hentry","category-al-dia","category-comunas","category-municipalidad","category-salud","tag-semanariolocal","tag-alcalde-de-osorno","tag-informacion","tag-jaime-bertin","tag-municipalidad","tag-noticias","tag-osorno","tag-region-de-los-lagos","tag-salud-municipal","tag-semanario-local"],"_links":{"self":[{"href":"https:\/\/www.semanariolocal.cl\/index.php?rest_route=\/wp\/v2\/posts\/26285","targetHints":{"allow":["GET"]}}],"collection":[{"href":"https:\/\/www.semanariolocal.cl\/index.php?rest_route=\/wp\/v2\/posts"}],"about":[{"href":"https:\/\/www.semanariolocal.cl\/index.php?rest_route=\/wp\/v2\/types\/post"}],"author":[{"embeddable":true,"href":"https:\/\/www.semanariolocal.cl\/index.php?rest_route=\/wp\/v2\/users\/1"}],"replies":[{"embeddable":true,"href":"https:\/\/www.semanariolocal.cl\/index.php?rest_route=%2Fwp%2Fv2%2Fcomments&post=26285"}],"version-history":[{"count":3,"href":"https:\/\/www.semanariolocal.cl\/index.php?rest_route=\/wp\/v2\/posts\/26285\/revisions"}],"predecessor-version":[{"id":26290,"href":"https:\/\/www.semanariolocal.cl\/index.php?rest_route=\/wp\/v2\/posts\/26285\/revisions\/26290"}],"wp:featuredmedia":[{"embeddable":true,"href":"https:\/\/www.semanariolocal.cl\/index.php?rest_route=\/wp\/v2\/media\/26286"}],"wp:attachment":[{"href":"https:\/\/www.semanariolocal.cl\/index.php?rest_route=%2Fwp%2Fv2%2Fmedia&parent=26285"}],"wp:term":[{"taxonomy":"category","embeddable":true,"href":"https:\/\/www.semanariolocal.cl\/index.php?rest_route=%2Fwp%2Fv2%2Fcategories&post=26285"},{"taxonomy":"post_tag","embeddable":true,"href":"https:\/\/www.semanariolocal.cl\/index.php?rest_route=%2Fwp%2Fv2%2Ftags&post=26285"}],"curies":[{"name":"wp","href":"https:\/\/api.w.org\/{rel}","templated":true}]}}