{"id":26152,"date":"2025-01-14T13:17:53","date_gmt":"2025-01-14T16:17:53","guid":{"rendered":"https:\/\/www.semanariolocal.cl\/?p=26152"},"modified":"2025-01-14T13:20:57","modified_gmt":"2025-01-14T16:20:57","slug":"topografos-y-geomensores-arquitectos-invisibles-del-territorio","status":"publish","type":"post","link":"https:\/\/www.semanariolocal.cl\/?p=26152","title":{"rendered":"Top\u00f3grafos y Geomensores: Arquitectos invisibles del territorio"},"content":{"rendered":"\n<p><strong><mark style=\"background-color:#abb8c3\" class=\"has-inline-color has-white-color\">14 de Enero del 2025.-<\/mark><\/strong> Com\u00fanmente transitamos por nuestra ciudad, caminando por las calles y disfrutando de los parques; nos movilizamos a diferentes lugares de nuestro pa\u00eds utilizando carreteras y puentes, permitiendo tener una conectividad a lo largo de Chile. Por otra parte, cada vez se hace m\u00e1s com\u00fan la migraci\u00f3n de la ciudad al campo, en busca de tranquilidad y pasividad adquiriendo terrenos bajo la figura de parcela.<\/p>\n\n\n\n<p>Cada uno de los aspectos anteriores indudablemente ha mejorado nuestra calidad de vida, pero tambi\u00e9n cabe preguntarnos \u00bfqu\u00e9 profesionales est\u00e1n detr\u00e1s?, sin lugar a duda la mayor\u00eda corresponde al \u00e1rea de ingenier\u00eda, los que dentro de su expertiz manejan y cumplen diferentes normativas que permiten resguardar la seguridad de los usuarios que coexisten en diferentes localidades. Dentro de este \u00e1mbito se encuentra el \u00e1rea de Geomensura, la que mide y representa la superficie terrestre, por otro lado, encontramos Topograf\u00eda que describe en detalle la superficie y sus caracter\u00edsticas. Cada una de estas \u00e1reas se ha visto potenciada con el desarrollo de las tecnolog\u00edas, aument\u00e1ndose su precisi\u00f3n y agilidad en la ejecuci\u00f3n de proyectos de campos como de gabinete. Tal es el caso de la utilizaci\u00f3n de drones para levantamientos topogr\u00e1ficos que no se limita tan s\u00f3lo a subdivisiones; sino tambi\u00e9n a generar levantamientos en 3D de una estructura existente para modelaci\u00f3n BIM por medio de un sistema de escaneo laser, el uso de software para dise\u00f1o de v\u00edas terrestres, son algunas de las aplicaciones de las actuales tecnolog\u00edas utilizadas.<\/p>\n\n\n\n<p>Por lo anterior, es que los profesionales deben formarse, considerando el contexto actual, abordando no s\u00f3lo aspectos disciplinarios, sino tambi\u00e9n transversales, utilizando sus conocimientos en pro de una sociedad m\u00e1s equitativa y con mayores oportunidades. En el \u00c1rea de Ingenier\u00eda de Santo Tom\u00e1s Osorno, llevamos desde el a\u00f1o 2014 impartiendo la carrera de T\u00e9cnico de Nivel Superior en Topograf\u00eda en horario vespertino con una duraci\u00f3n de dos a\u00f1os y medio incluida la pr\u00e1ctica laboral.<\/p>\n\n\n\n<p>Adem\u00e1s, en complemento para nuestros estudiantes y abierto a todos los profesionales top\u00f3grafos titulados, se impartir\u00e1 este 2025 la carrera de Ingenier\u00eda en Geomensura, plan de continuidad, tambi\u00e9n en horario vespertino con una duraci\u00f3n de 2 a\u00f1os, atendiendo de manera efectiva la formaci\u00f3n de profesionales Geomensores. Este profesional es capaz de resolver problemas de la m\u00e9trica terrestre, mediante la aplicaci\u00f3n de t\u00e9cnicas topogr\u00e1ficas y geod\u00e9sicas, as\u00ed como tambi\u00e9n la aplicaci\u00f3n de Tecnolog\u00edas Geom\u00e1ticas, para la captura, procesamiento y an\u00e1lisis de la informaci\u00f3n geoespacial, para el desarrollo de proyectos de ingenier\u00eda.<\/p>\n\n\n\n<p>T\u00e9cnico de Nivel Superior en Topograf\u00eda del Centro de Formaci\u00f3n T\u00e9cnica, e Ingenier\u00eda en Geomensura Plan de Continuidad del Instituto Profesional, instituciones que hoy est\u00e1n adscritas a gratuidad por lo que es una gran oportunidad para comenzar o continuar estudiando carreras con un amplio campo laboral y desarrollo profesional, adem\u00e1s, ambas hoy cuentan con certificaciones acad\u00e9micas.<\/p>\n\n\n\n<p>Por lo dem\u00e1s, recientemente el Centro de Formaci\u00f3n T\u00e9cnica obtuvo una acreditaci\u00f3n por 6 a\u00f1os en el nivel de Excelencia, lo que se traduce en un impacto positivo para las y los reci\u00e9n matriculados, as\u00ed como para nuestros estudiantes regulares y futuros t\u00e9cnicos profesionales, porque una instituci\u00f3n acreditada da cuenta que los procesos y el proyecto educativo cumple con las exigencias en el \u00e1mbito interno como proyecci\u00f3n laboral, ampliando sus oportunidades tanto en empresas o entidades p\u00fablicas o privadas.<\/p>\n\n\n\n<p><strong>Pablo Aros Salgado &#8211; Coordinador carreras \u00c1rea Ingenier\u00eda IP-CFT &#8211; Santo Tom\u00e1s Osorno<\/strong><\/p>\n","protected":false},"excerpt":{"rendered":"<p>Resulta habitual movilizamos a diferentes lugares de nuestro pa\u00eds utilizando carreteras y puentes, permitiendo tener una conectividad a lo largo de Chile, pero&#8230;<\/p>\n","protected":false},"author":1,"featured_media":26153,"comment_status":"closed","ping_status":"closed","sticky":false,"template":"","format":"standard","meta":{"footnotes":""},"categories":[3,11,2483],"tags":[2118,337,3792,273,3791,247,2359,133],"class_list":["post-26152","post","type-post","status-publish","format-standard","has-post-thumbnail","hentry","category-al-dia","category-educacion","category-region","tag-semanariolocal","tag-informacion","tag-ip-cft-santo-tomas","tag-noticias","tag-pablo-aros-salgado","tag-region-de-los-lagos","tag-santo-tomas-osorno","tag-semanario-local"],"_links":{"self":[{"href":"https:\/\/www.semanariolocal.cl\/index.php?rest_route=\/wp\/v2\/posts\/26152","targetHints":{"allow":["GET"]}}],"collection":[{"href":"https:\/\/www.semanariolocal.cl\/index.php?rest_route=\/wp\/v2\/posts"}],"about":[{"href":"https:\/\/www.semanariolocal.cl\/index.php?rest_route=\/wp\/v2\/types\/post"}],"author":[{"embeddable":true,"href":"https:\/\/www.semanariolocal.cl\/index.php?rest_route=\/wp\/v2\/users\/1"}],"replies":[{"embeddable":true,"href":"https:\/\/www.semanariolocal.cl\/index.php?rest_route=%2Fwp%2Fv2%2Fcomments&post=26152"}],"version-history":[{"count":2,"href":"https:\/\/www.semanariolocal.cl\/index.php?rest_route=\/wp\/v2\/posts\/26152\/revisions"}],"predecessor-version":[{"id":26155,"href":"https:\/\/www.semanariolocal.cl\/index.php?rest_route=\/wp\/v2\/posts\/26152\/revisions\/26155"}],"wp:featuredmedia":[{"embeddable":true,"href":"https:\/\/www.semanariolocal.cl\/index.php?rest_route=\/wp\/v2\/media\/26153"}],"wp:attachment":[{"href":"https:\/\/www.semanariolocal.cl\/index.php?rest_route=%2Fwp%2Fv2%2Fmedia&parent=26152"}],"wp:term":[{"taxonomy":"category","embeddable":true,"href":"https:\/\/www.semanariolocal.cl\/index.php?rest_route=%2Fwp%2Fv2%2Fcategories&post=26152"},{"taxonomy":"post_tag","embeddable":true,"href":"https:\/\/www.semanariolocal.cl\/index.php?rest_route=%2Fwp%2Fv2%2Ftags&post=26152"}],"curies":[{"name":"wp","href":"https:\/\/api.w.org\/{rel}","templated":true}]}}