{"id":26098,"date":"2025-01-12T09:54:42","date_gmt":"2025-01-12T12:54:42","guid":{"rendered":"https:\/\/www.semanariolocal.cl\/?p=26098"},"modified":"2025-01-12T09:55:42","modified_gmt":"2025-01-12T12:55:42","slug":"la-innovadora-mistral","status":"publish","type":"post","link":"https:\/\/www.semanariolocal.cl\/?p=26098","title":{"rendered":"La Innovadora Mistral"},"content":{"rendered":"\n<p><strong><mark style=\"background-color:#abb8c3\" class=\"has-inline-color has-white-color\">12 de Enero del 2025.- <\/mark><\/strong>El 10 de enero se conmemor\u00f3 un nuevo aniversario del fallecimiento de Lucila Godoy Alcayaga, Gabriela Mistral, premio Nobel de Literatura de nuestro pa\u00eds y primera mujer latinoamericana en recibirlo. El pr\u00f3ximo diciembre, celebraremos 80 a\u00f1os desde que le fuera entregado este prestigioso reconocimiento mundial. La figura de Mistral es una herencia viva que trasciende su legado literario. Fue una poetisa universal, una educadora comprometida y una mujer visionaria que entendi\u00f3 la educaci\u00f3n como el cimiento de una sociedad justa. En un contexto de transformaciones tecnol\u00f3gicas radicales, su pensamiento est\u00e1 m\u00e1s vigente que nunca.<\/p>\n\n\n\n<p>Gabriela Mistral no solo conect\u00f3 con los sentimientos humanos universales a trav\u00e9s de su poes\u00eda, sino que tambi\u00e9n defendi\u00f3 la educaci\u00f3n como factor de cambio social. En su \u00e9poca, tecnolog\u00edas emergentes como la fotograf\u00eda generaban debates sobre su impacto cultural. Lejos de rechazarlas, Mistral las promovi\u00f3 como herramientas para democratizar el conocimiento y enriquecer el aprendizaje. \u201cDesde mis a\u00f1os de maestra hasta hoy, siempre tuve a la imagen como entidad superior\u00edsima sobre la palabra\u201d, afirmaba en <a href=\"http:\/\/www.gabrielamistral.uchile.cl\/prosa\/imgypaleneduc.html\">1956<\/a><a href=\"#_ftn1\" id=\"_ftnref1\">[1]<\/a>.<\/p>\n\n\n\n<p>Hoy, vivimos un momento similar. La inteligencia artificial, <em>blockchain,<\/em> <em>big data y<\/em> otras nuevas tecnolog\u00edas est\u00e1n transformando la educaci\u00f3n, la comunicaci\u00f3n, el mundo del trabajo y todos los espacios, abriendo posibilidades para personalizar el aprendizaje, ampliar el acceso al conocimiento y fomentar la creatividad. Sin embargo, tambi\u00e9n plantean retos que requieren orientaci\u00f3n. Las ideas de Mistral siguen siendo pertinentes: innovar para potenciar la educaci\u00f3n, no sustituirla. El legado de Mistral nos inspira a un enfoque humanista frente a las tecnolog\u00edas. Sus escritos destacan la empat\u00eda y la inclusi\u00f3n como principios que deben guiar la implementaci\u00f3n de nuevas herramientas educativas. \u00bfC\u00f3mo aseguramos que estas tecnolog\u00edas reduzcan brechas sociales y fomenten valores como la colaboraci\u00f3n? Estas preguntas resuenan en su visi\u00f3n.<\/p>\n\n\n\n<p>Desde la Universidad Gabriela Mistral, motivamos a todos a recordar a nuestra premio Nobel como figura global, con iniciativas que integren tecnolog\u00eda, programas de calidad y herramientas digitales que propicien las equidad, podemos honrar su legado. Mistral ense\u00f1\u00f3 que la educaci\u00f3n es una obra de amor, justicia y progreso, y la innovaci\u00f3n nos permite cumplir ese prop\u00f3sito. En este 2025, al cumplirse 80 a\u00f1os de su Nobel, recordemos que el mejor tributo es mantener viva su visi\u00f3n: una educaci\u00f3n que abrace la innovaci\u00f3n con esencia humanista. Ese es el desaf\u00edo para construir el futuro que ella so\u00f1\u00f3.<\/p>\n\n\n\n<p><strong>Kiomi Matsumoto, Vicerrectora Acad\u00e9mica<\/strong> &#8211; <strong>Universidad Gabriela Mistral<\/strong><\/p>\n\n\n\n<hr class=\"wp-block-separator has-alpha-channel-opacity\"\/>\n\n\n\n<p class=\"has-small-font-size\"><strong><a href=\"#_ftnref1\" id=\"_ftn1\">[1]<\/a> \u201cImagen y Palabra en la Educaci\u00f3n\u201d, visto en: http:\/\/www.gabrielamistral.uchile.cl\/prosa\/imgypaleneduc.html<\/strong><\/p>\n","protected":false},"excerpt":{"rendered":"<p>Gabriela Mistral no solo conect\u00f3 con los sentimientos humanos universales a trav\u00e9s de su poes\u00eda, sino que tambi\u00e9n defendi\u00f3 la educaci\u00f3n como factor de cambio social.<\/p>\n","protected":false},"author":1,"featured_media":26099,"comment_status":"closed","ping_status":"closed","sticky":false,"template":"","format":"standard","meta":{"footnotes":""},"categories":[3302,3,11,7],"tags":[2118,337,2925,273,247,133,2924],"class_list":["post-26098","post","type-post","status-publish","format-standard","has-post-thumbnail","hentry","category-academia","category-al-dia","category-educacion","category-opinion","tag-semanariolocal","tag-informacion","tag-kiomi-matsumoto","tag-noticias","tag-region-de-los-lagos","tag-semanario-local","tag-universidad-gabriela-mistral"],"_links":{"self":[{"href":"https:\/\/www.semanariolocal.cl\/index.php?rest_route=\/wp\/v2\/posts\/26098","targetHints":{"allow":["GET"]}}],"collection":[{"href":"https:\/\/www.semanariolocal.cl\/index.php?rest_route=\/wp\/v2\/posts"}],"about":[{"href":"https:\/\/www.semanariolocal.cl\/index.php?rest_route=\/wp\/v2\/types\/post"}],"author":[{"embeddable":true,"href":"https:\/\/www.semanariolocal.cl\/index.php?rest_route=\/wp\/v2\/users\/1"}],"replies":[{"embeddable":true,"href":"https:\/\/www.semanariolocal.cl\/index.php?rest_route=%2Fwp%2Fv2%2Fcomments&post=26098"}],"version-history":[{"count":3,"href":"https:\/\/www.semanariolocal.cl\/index.php?rest_route=\/wp\/v2\/posts\/26098\/revisions"}],"predecessor-version":[{"id":26103,"href":"https:\/\/www.semanariolocal.cl\/index.php?rest_route=\/wp\/v2\/posts\/26098\/revisions\/26103"}],"wp:featuredmedia":[{"embeddable":true,"href":"https:\/\/www.semanariolocal.cl\/index.php?rest_route=\/wp\/v2\/media\/26099"}],"wp:attachment":[{"href":"https:\/\/www.semanariolocal.cl\/index.php?rest_route=%2Fwp%2Fv2%2Fmedia&parent=26098"}],"wp:term":[{"taxonomy":"category","embeddable":true,"href":"https:\/\/www.semanariolocal.cl\/index.php?rest_route=%2Fwp%2Fv2%2Fcategories&post=26098"},{"taxonomy":"post_tag","embeddable":true,"href":"https:\/\/www.semanariolocal.cl\/index.php?rest_route=%2Fwp%2Fv2%2Ftags&post=26098"}],"curies":[{"name":"wp","href":"https:\/\/api.w.org\/{rel}","templated":true}]}}