{"id":26091,"date":"2025-01-11T09:27:30","date_gmt":"2025-01-11T12:27:30","guid":{"rendered":"https:\/\/www.semanariolocal.cl\/?p=26091"},"modified":"2025-01-12T09:31:53","modified_gmt":"2025-01-12T12:31:53","slug":"repunte-de-huelgas-en-chile-puede-reflejar-demandas-pendientes-en-materia-laboral","status":"publish","type":"post","link":"https:\/\/www.semanariolocal.cl\/?p=26091","title":{"rendered":"Repunte de huelgas en Chile puede reflejar demandas pendientes en materia laboral"},"content":{"rendered":"\n<p><strong><mark style=\"background-color:#abb8c3\" class=\"has-inline-color has-white-color\">11 de enero del 2025.-<\/mark><\/strong> Los conflictos laborales en Chile muestran un marcado resurgimiento tras el declive registrado durante la pandemia del Covid-19. De acuerdo con un informe del\u00a0<a href=\"https:\/\/coes.cl\/observatorio-de-huelgas-laborales\/\" target=\"_blank\" rel=\"noreferrer noopener\">Observatorio de Huelgas Laborales<\/a>\u00a0(OHL), en 2023 se registraron 261 huelgas, un aumento significativo respecto a las 179 de 2022, que representaron un m\u00ednimo hist\u00f3rico desde 1990. Este crecimiento, impulsado en gran medida por movilizaciones extra-legales, plantea interrogantes sobre un posible nuevo ciclo de conflictos laborales en el pa\u00eds.<\/p>\n\n\n\n<p>Domingo P\u00e9rez Valenzuela, investigador postdoctoral del&nbsp;<a href=\"https:\/\/www.uoh.cl\/instituto-de-ciencias-sociales\" target=\"_blank\" rel=\"noreferrer noopener\">Instituto de Ciencias Sociales<\/a>&nbsp;de la&nbsp;<a href=\"http:\/\/www.uoh.cl\/\" target=\"_blank\" rel=\"noreferrer noopener\">Universidad de O\u2019Higgins<\/a>&nbsp;(UOH), director del Observatorio OHL y primer autor del estudio, se\u00f1al\u00f3 que este repunte no es un fen\u00f3meno aislado, \u201ces una se\u00f1al fidedigna de que las tensiones estructurales que subyacen al conflicto laboral en Chile siguen presentes. En este sentido, lo que vemos en 2023 podr\u00eda ser el comienzo paulatino de un nuevo ciclo huelguista, pero conectado al ciclo anterior\u201d.<\/p>\n\n\n\n<p>El informe destaca un cambio en las prioridades de los trabajadores. Mientras que las demandas salariales han perdido protagonismo, con un 38,8% de las reivindicaciones en 2023; las exigencias relacionadas con condiciones laborales y organizaci\u00f3n del trabajo han ganado terreno. \u201cEste cambio refleja una creciente preocupaci\u00f3n por temas como la seguridad y salud en el lugar de trabajo -t\u00f3picos cruciales en empleos precarios, as\u00ed como en sectores expuestos a vulnerabilidades socioclim\u00e1ticas-, la estabilidad laboral, y el trato digno por parte de las jefaturas\u201d, explica P\u00e9rez Valenzuela.<\/p>\n\n\n\n<p>En t\u00e9rminos sectoriales, la educaci\u00f3n lider\u00f3 la actividad huelguista en 2023, seguida por la salud, la administraci\u00f3n p\u00fablica y la agricultura. \u201cEl predominio de la educaci\u00f3n y la salud demuestra que los conflictos no solo tienen ra\u00edces econ\u00f3micas, sino tambi\u00e9n sociales. Las demandas de estos sectores reflejan el descontento con las condiciones que afectan directamente a la calidad de vida de las personas\u201d, agreg\u00f3 el investigador UOH.<\/p>\n\n\n\n<p>Otro aspecto relevante es la distribuci\u00f3n de las huelgas de acuerdo con el tama\u00f1o de las empresas. Si bien -hist\u00f3ricamente- los grandes conglomerados han sido el epicentro de los conflictos, en 2023 las huelgas en micro y peque\u00f1as empresas alcanzaron su mayor participaci\u00f3n hist\u00f3rica: 35% del total. Este fen\u00f3meno podr\u00eda estar vinculado a una creciente organizaci\u00f3n de trabajadores en empresas m\u00e1s peque\u00f1as, donde tradicionalmente los niveles de sindicalizaci\u00f3n han sido bajos.<\/p>\n\n\n\n<p>Geogr\u00e1ficamente, la Regi\u00f3n Metropolitana, que sol\u00eda concentrar la mayor parte de los conflictos, ha perdido protagonismo desde 2017, mientras que otras regiones muestran una mayor estabilidad en sus niveles de actividad huelguista.<\/p>\n\n\n\n<p>El informe concluye que, tras el impacto de la pandemia y el rechazo del proyecto de Nueva Constituci\u00f3n en 2022, el panorama laboral en Chile parece estar en transici\u00f3n.<\/p>\n\n\n\n<p>\u201cLa historia muestra que los ciclos huelguistas no surgen de la nada; son el resultado complejo de tensiones acumuladas en las relaciones laborales. Es importante analizar estas din\u00e1micas para entender hacia d\u00f3nde se dirige el pa\u00eds en t\u00e9rminos laborales y sociales\u201d, concluy\u00f3 el investigador.<\/p>\n\n\n\n<p>En el estudio tambi\u00e9n participaron los investigadores Rodrigo Medel Sierralta (UNAB), Diego Vel\u00e1squez Orellana (FLACSO), Francisca Guti\u00e9rrez Crocco (UACh), Pablo P\u00e9rez Ahumada (UChile), y Maurizio Atzeni (UAH y CEIL\/CONICET, Argentina).<\/p>\n\n\n\n<p>Conoce el informe completo en el siguiente&nbsp;<a href=\"https:\/\/coes.cl\/wp-content\/uploads\/COES_OHL_Minuta-de-Huelgas-Laborales_2025-01-09.pdf\" target=\"_blank\" rel=\"noreferrer noopener\">enlace<\/a>.<\/p>\n","protected":false},"excerpt":{"rendered":"<p>El investigador Domingo P\u00e9rez advierte que no se trata de un fen\u00f3meno aislado, es una se\u00f1al de tensiones estructurales.<\/p>\n","protected":false},"author":1,"featured_media":26092,"comment_status":"closed","ping_status":"closed","sticky":false,"template":"","format":"standard","meta":{"footnotes":""},"categories":[3,2889,3558,6],"tags":[2118,3783,337,273,247,133,2105],"class_list":["post-26091","post","type-post","status-publish","format-standard","has-post-thumbnail","hentry","category-al-dia","category-analisis","category-cronica","category-politica","tag-semanariolocal","tag-domingo-perez-valenzuela","tag-informacion","tag-noticias","tag-region-de-los-lagos","tag-semanario-local","tag-universidad-bernardo-ohiggins"],"_links":{"self":[{"href":"https:\/\/www.semanariolocal.cl\/index.php?rest_route=\/wp\/v2\/posts\/26091","targetHints":{"allow":["GET"]}}],"collection":[{"href":"https:\/\/www.semanariolocal.cl\/index.php?rest_route=\/wp\/v2\/posts"}],"about":[{"href":"https:\/\/www.semanariolocal.cl\/index.php?rest_route=\/wp\/v2\/types\/post"}],"author":[{"embeddable":true,"href":"https:\/\/www.semanariolocal.cl\/index.php?rest_route=\/wp\/v2\/users\/1"}],"replies":[{"embeddable":true,"href":"https:\/\/www.semanariolocal.cl\/index.php?rest_route=%2Fwp%2Fv2%2Fcomments&post=26091"}],"version-history":[{"count":2,"href":"https:\/\/www.semanariolocal.cl\/index.php?rest_route=\/wp\/v2\/posts\/26091\/revisions"}],"predecessor-version":[{"id":26094,"href":"https:\/\/www.semanariolocal.cl\/index.php?rest_route=\/wp\/v2\/posts\/26091\/revisions\/26094"}],"wp:featuredmedia":[{"embeddable":true,"href":"https:\/\/www.semanariolocal.cl\/index.php?rest_route=\/wp\/v2\/media\/26092"}],"wp:attachment":[{"href":"https:\/\/www.semanariolocal.cl\/index.php?rest_route=%2Fwp%2Fv2%2Fmedia&parent=26091"}],"wp:term":[{"taxonomy":"category","embeddable":true,"href":"https:\/\/www.semanariolocal.cl\/index.php?rest_route=%2Fwp%2Fv2%2Fcategories&post=26091"},{"taxonomy":"post_tag","embeddable":true,"href":"https:\/\/www.semanariolocal.cl\/index.php?rest_route=%2Fwp%2Fv2%2Ftags&post=26091"}],"curies":[{"name":"wp","href":"https:\/\/api.w.org\/{rel}","templated":true}]}}