{"id":26065,"date":"2025-01-11T08:30:00","date_gmt":"2025-01-11T11:30:00","guid":{"rendered":"https:\/\/www.semanariolocal.cl\/?p=26065"},"modified":"2025-01-10T23:28:28","modified_gmt":"2025-01-11T02:28:28","slug":"verano-y-pulgas-lo-que-hay-que-saber-para-evitar-que-aparezcan-en-mi-perro-o-gato","status":"publish","type":"post","link":"https:\/\/www.semanariolocal.cl\/?p=26065","title":{"rendered":"Verano y pulgas: Lo que hay que saber para evitar que aparezcan en mi perro o gato"},"content":{"rendered":"\n<p><strong><mark style=\"background-color:#abb8c3\" class=\"has-inline-color has-white-color\">11 de enero del 2025.- <\/mark><\/strong> Con el aumento de las temperaturas, la presencia de pulgas y garrapatas suele incrementarse, afectando principalmente a nuestros perros y gatos. Para prevenir el contagio de estas, la acad\u00e9mica Melissa Palacios de Medicina Veterinaria de UST Santiago, nos entreg\u00f3 una serie de consejos claves para cuidar la salud de nuestras mascotas.<\/p>\n\n\n\n<p>Seg\u00fan explic\u00f3 la experta, durante el verano es crucial el manejo preventivo de pulgas y garrapatas, principalmente porque las altas temperaturas son ideales para que estos par\u00e1sitos afecten a nuestra mascota. Por lo mismo, la prevenci\u00f3n eficiente es clave para evitar problemas.<\/p>\n\n\n\n<p>Entre las medidas que se pueden tomar est\u00e1n las siguientes: ba\u00f1os frecuentes, control ambiental, lavado y desinfecci\u00f3n de mantas, aspirado del espacio del animal y revisiones antes y despu\u00e9s de exponerlos al aire libre.<\/p>\n\n\n\n<p>Por otro lado, para controlar las pulgas y garrapatas existen comprimidos masticables que tienen un per\u00edodo de protecci\u00f3n que va desde las 4 a las 12 semanas. Tambi\u00e9n existen las pipetas y los collares, los cuales tienen una duraci\u00f3n de 4 semanas o de 3 a 12 meses, respectivamente. Es m\u00e1s, la veterinaria afirm\u00f3 que el uso de collares es una buena alternativa, especialmente para aquellos perros que viven en lugares expuestos.<\/p>\n\n\n\n<p><strong>\u00bfQu\u00e9 debo hacer si ya contrajeron pulgas o garrapatas?<\/strong><\/p>\n\n\n\n<p>Palacios explic\u00f3 que \u201cen caso de infecci\u00f3n parasitaria, la pulga o garrapata se debe retirar utilizando una pinza extracci\u00f3n, pero siempre utilizando guantes para evitar el contacto directo con nuestras manos. Posteriormente, hay que limpiar la herida en la piel de nuestra mascota con productos antis\u00e9pticos y, en caso de presentar alguna lesi\u00f3n cut\u00e1nea m\u00e1s grave, consultar con el m\u00e9dico veterinario de cabecera\u201d.<\/p>\n\n\n\n<p>Tras realizar la limpieza y aplicar el tratamiento para el control de pulgas y garrapatas, es fundamental verificar si existe contaminaci\u00f3n en las zonas donde m\u00e1s transita nuestra mascota.<\/p>\n\n\n\n<p><strong>\u00bfLas pulgas\/garrapatas pueden transmitirle alguna enfermedad a mi mascota?<\/strong><\/p>\n\n\n\n<p>\u201cS\u00ed, son m\u00faltiples las enfermedades que pueden trasmitir tanto pulgas como garrapatas a las mascotas, las cuales pueden comprometer en forma grave su salud. Por ejemplo, las pulgas pueden provocar desde dermatitis al\u00e9rgicas hasta transmisi\u00f3n parasitaria e incluso anemia\u201d, dijo. Por otro lado, \u201clas garrapatas pueden provocar una grave enfermedad denominada Ehrlichiosis, la cual requiere un diagn\u00f3stico m\u00e9dico para su tratamiento y que puede provocar hemorragias, decaimiento, inapetencia y malestar general donde pueden requerir hospitalizaci\u00f3n e incluso trasfusiones de sangre en su tratamiento\u201d.<\/p>\n\n\n\n<p><strong>\u00bfSon peligrosas para los humanos?<\/strong><\/p>\n\n\n\n<p>Melissa Palacios coment\u00f3 que \u201cambos par\u00e1sitos implican un riesgo (zoonosis) para la salud p\u00fablica. En el caso de las pulgas, pueden trasmitirnos par\u00e1sitos intestinales (Dipylidium caninum) por la ingesti\u00f3n accidental de estas, junto con reacciones al\u00e9rgicas severas por su picadura. Las garrapatas, en tanto, afectan principalmente a mascotas, pero podr\u00edan generarnos lesiones en la piel o transmisi\u00f3n de infecciones\u201d.<\/p>\n","protected":false},"excerpt":{"rendered":"<p>Lavado y desinfecci\u00f3n de mantas, collares y pipetas son algunas de los consejos para evitar que estos par\u00e1sitos ataquen a nuestras mascotas.<\/p>\n","protected":false},"author":1,"featured_media":26066,"comment_status":"closed","ping_status":"closed","sticky":false,"template":"","format":"standard","meta":{"footnotes":""},"categories":[3,2496,2484],"tags":[2118,337,273,247,133],"class_list":["post-26065","post","type-post","status-publish","format-standard","has-post-thumbnail","hentry","category-al-dia","category-nacional","category-salud","tag-semanariolocal","tag-informacion","tag-noticias","tag-region-de-los-lagos","tag-semanario-local"],"_links":{"self":[{"href":"https:\/\/www.semanariolocal.cl\/index.php?rest_route=\/wp\/v2\/posts\/26065","targetHints":{"allow":["GET"]}}],"collection":[{"href":"https:\/\/www.semanariolocal.cl\/index.php?rest_route=\/wp\/v2\/posts"}],"about":[{"href":"https:\/\/www.semanariolocal.cl\/index.php?rest_route=\/wp\/v2\/types\/post"}],"author":[{"embeddable":true,"href":"https:\/\/www.semanariolocal.cl\/index.php?rest_route=\/wp\/v2\/users\/1"}],"replies":[{"embeddable":true,"href":"https:\/\/www.semanariolocal.cl\/index.php?rest_route=%2Fwp%2Fv2%2Fcomments&post=26065"}],"version-history":[{"count":1,"href":"https:\/\/www.semanariolocal.cl\/index.php?rest_route=\/wp\/v2\/posts\/26065\/revisions"}],"predecessor-version":[{"id":26067,"href":"https:\/\/www.semanariolocal.cl\/index.php?rest_route=\/wp\/v2\/posts\/26065\/revisions\/26067"}],"wp:featuredmedia":[{"embeddable":true,"href":"https:\/\/www.semanariolocal.cl\/index.php?rest_route=\/wp\/v2\/media\/26066"}],"wp:attachment":[{"href":"https:\/\/www.semanariolocal.cl\/index.php?rest_route=%2Fwp%2Fv2%2Fmedia&parent=26065"}],"wp:term":[{"taxonomy":"category","embeddable":true,"href":"https:\/\/www.semanariolocal.cl\/index.php?rest_route=%2Fwp%2Fv2%2Fcategories&post=26065"},{"taxonomy":"post_tag","embeddable":true,"href":"https:\/\/www.semanariolocal.cl\/index.php?rest_route=%2Fwp%2Fv2%2Ftags&post=26065"}],"curies":[{"name":"wp","href":"https:\/\/api.w.org\/{rel}","templated":true}]}}