{"id":25827,"date":"2024-12-25T14:30:00","date_gmt":"2024-12-25T17:30:00","guid":{"rendered":"https:\/\/www.semanariolocal.cl\/?p=25827"},"modified":"2025-01-02T14:37:59","modified_gmt":"2025-01-02T17:37:59","slug":"ip-cft-santo-tomas-osorno-y-constructora-ararat-firman-convenio","status":"publish","type":"post","link":"https:\/\/www.semanariolocal.cl\/?p=25827","title":{"rendered":"IP-CFT Santo Tom\u00e1s Osorno y Constructora Ararat firman convenio"},"content":{"rendered":"\n<p><strong>25 de diciembre del 2024.- <\/strong>Este martes 17 de diciembre de 2024 se firm\u00f3 en dependencias de las nuevas construcciones de edificios habitacionales en calle Herta Fuschlocher de la ciudad de Osorno un nuevo convenio de colaboraci\u00f3n entre el Instituto Profesional y el Centro de Formaci\u00f3n T\u00e9cnica Santo Tom\u00e1s Osorno con la Constructora Ararat, el cual permitir\u00e1 a los estudiantes de las carreras del \u00e1rea de Ingenier\u00eda poder realizar pr\u00e1cticas y\/o pasant\u00edas en dicha empresa, as\u00ed como directamente en sus faenas de construcci\u00f3n, entre otros beneficios.<\/p>\n\n\n\n<p>Ararat es una empresa local que ha dejado una marca significativa en el sector, ejecutando con \u00e9xito m\u00e1s de 3.000 viviendas, con la misi\u00f3n de construir hogares y edificios con la mejor calidad, eficiencia, sostenibilidad y sustentabilidad.<\/p>\n\n\n\n<p>Parte del convenio llevar\u00e1 a las instituciones Santo Tom\u00e1s a trabajar de forma cercana con Ararat en el desarrollo de actividades variadas y la formaci\u00f3n de profesionales en conjunto a trav\u00e9s de pasant\u00eda y\/o pr\u00e1cticas<em> <\/em>en las \u00e1reas de trabajo de la empresa a estudiantes del \u00e1rea de Ingenier\u00eda., como en el desarrollo de charlas, proyectos, seminarios y trabajos de investigaci\u00f3n, entre otros.<\/p>\n\n\n\n<p>Ingrid Lazen, Directora Acad\u00e9mica del Instituto Profesional y Centro de Formaci\u00f3n T\u00e9cnica de Santo Tom\u00e1s sede Osorno, coment\u00f3 que es muy importante concretar esta clase de alianzas no solo con entidades p\u00fablicas, sino adem\u00e1s con empresas privadas. \u201cArarat ha hecho un proyecto muy interesante e importante para la comunidad y nos sumamos con un convenio formal, con el cual se fortalece la bidireccionalidad y colaboraci\u00f3n mutua\u201d, mencion\u00f3, haciendo hincapi\u00e9 en que tambi\u00e9n es responsabilidad de las casas de estudios de educaci\u00f3n superior ayudar al desarrollo local.<\/p>\n\n\n\n<p>Por su parte, Tulio Gonzalez, Ingeniero de Ararat, dijo que es un compromiso asociarse con casas de estudio como Santo Tom\u00e1s para la formaci\u00f3n de profesionales que estar\u00e1n a futuro trabajando en sus obras. \u201cTenemos una pol\u00edtica de puertas abiertas con las instituciones de Osorno, realizando visitas permanentes a las obras y recibiendo alumnos en pr\u00e1ctica. Y por otro lado tenemos los beneficios para nuestros trabajadores dentro del compromiso social en el que puedan tener una proyecci\u00f3n de estudios, tanto ellos como sus familias\u201d.<\/p>\n\n\n\n<p>Finalmente Claudio Angulo, Director del \u00c1rea de Ingenier\u00eda del IP-CFT Santo Tom\u00e1s y Vice-Presidente de la C\u00e1mara Chilena de la Construcci\u00f3n en Osorno, indica que \u201cPara nosotros es sumamente importante que la academia est\u00e9 presente, porque lo que nosotros efectivamente debemos promover es que la comunidad y los estudiantes tengan acceso a la educaci\u00f3n superior (\u2026) Hoy hay una crisis importante en el rubro de la construcci\u00f3n, pero Ararat es una empresa de las que destaca por seguir con los proyectos en los \u00e1mbitos sociales, y para nosotros es muy importante seguir desarrollando este tipo de alianzas que beneficiar\u00e1n a nuestras carreras de Construcci\u00f3n Civil, T\u00e9cnico en Construcciones Civiles, topograf\u00eda e Ingenier\u00eda en Geomensura\u201d.<\/p>\n\n\n\n<p>El Director del \u00c1rea de Ingenier\u00eda del IP-CFT Santo Tom\u00e1s y Vice-Presidente de la C\u00e1mara Chilena de la Construcci\u00f3n en Osorno concluy\u00f3 invitando a la ciudadan\u00eda a informarse m\u00e1s sobre estos temas de construcci\u00f3n e ingenier\u00eda, pues entre todos debemos construir una mejor ciudad para los osorninos.<\/p>\n\n\n\n<figure class=\"wp-block-embed is-type-rich is-provider-twitter wp-block-embed-twitter\"><div class=\"wp-block-embed__wrapper\">\nhttps:\/\/twitter.com\/i\/status\/1869486149041090933\n<\/div><\/figure>\n","protected":false},"excerpt":{"rendered":"<p>Convenio permitir\u00e1 a los estudiantes de las carreras del \u00e1rea de Ingenier\u00eda poder realizar pr\u00e1cticas y\/o pasant\u00edas en dicha empresa, as\u00ed como directamente en sus faenas de construcci\u00f3n, entre otros beneficios.<\/p>\n","protected":false},"author":1,"featured_media":25832,"comment_status":"closed","ping_status":"closed","sticky":false,"template":"","format":"standard","meta":{"footnotes":""},"categories":[3302,3,11],"tags":[337,273,247,2359,133],"class_list":["post-25827","post","type-post","status-publish","format-standard","has-post-thumbnail","hentry","category-academia","category-al-dia","category-educacion","tag-informacion","tag-noticias","tag-region-de-los-lagos","tag-santo-tomas-osorno","tag-semanario-local"],"_links":{"self":[{"href":"https:\/\/www.semanariolocal.cl\/index.php?rest_route=\/wp\/v2\/posts\/25827","targetHints":{"allow":["GET"]}}],"collection":[{"href":"https:\/\/www.semanariolocal.cl\/index.php?rest_route=\/wp\/v2\/posts"}],"about":[{"href":"https:\/\/www.semanariolocal.cl\/index.php?rest_route=\/wp\/v2\/types\/post"}],"author":[{"embeddable":true,"href":"https:\/\/www.semanariolocal.cl\/index.php?rest_route=\/wp\/v2\/users\/1"}],"replies":[{"embeddable":true,"href":"https:\/\/www.semanariolocal.cl\/index.php?rest_route=%2Fwp%2Fv2%2Fcomments&post=25827"}],"version-history":[{"count":4,"href":"https:\/\/www.semanariolocal.cl\/index.php?rest_route=\/wp\/v2\/posts\/25827\/revisions"}],"predecessor-version":[{"id":25834,"href":"https:\/\/www.semanariolocal.cl\/index.php?rest_route=\/wp\/v2\/posts\/25827\/revisions\/25834"}],"wp:featuredmedia":[{"embeddable":true,"href":"https:\/\/www.semanariolocal.cl\/index.php?rest_route=\/wp\/v2\/media\/25832"}],"wp:attachment":[{"href":"https:\/\/www.semanariolocal.cl\/index.php?rest_route=%2Fwp%2Fv2%2Fmedia&parent=25827"}],"wp:term":[{"taxonomy":"category","embeddable":true,"href":"https:\/\/www.semanariolocal.cl\/index.php?rest_route=%2Fwp%2Fv2%2Fcategories&post=25827"},{"taxonomy":"post_tag","embeddable":true,"href":"https:\/\/www.semanariolocal.cl\/index.php?rest_route=%2Fwp%2Fv2%2Ftags&post=25827"}],"curies":[{"name":"wp","href":"https:\/\/api.w.org\/{rel}","templated":true}]}}