{"id":25593,"date":"2024-12-22T08:20:00","date_gmt":"2024-12-22T11:20:00","guid":{"rendered":"https:\/\/www.semanariolocal.cl\/?p=25593"},"modified":"2024-12-22T10:13:52","modified_gmt":"2024-12-22T13:13:52","slug":"administracion-lideres-para-un-mundo-conectado","status":"publish","type":"post","link":"https:\/\/www.semanariolocal.cl\/?p=25593","title":{"rendered":"\u00a0Administraci\u00f3n: L\u00edderes para un mundo conectado"},"content":{"rendered":"\n<p><strong><mark style=\"background-color:#abb8c3\" class=\"has-inline-color has-white-color\">22 de diciembre del 2024.- <\/mark><\/strong>En las carreras de \u00e1rea Administraci\u00f3n del Instituto Profesional Santo Tom\u00e1s de Osorno y del CFT, acreditado recientemente por 6 a\u00f1os, entendemos que los estudiantes necesitan m\u00e1s que teor\u00eda. Necesitan experiencias reales que los conecten con los desaf\u00edos del mundo empresarial en distintos pa\u00edses.<\/p>\n\n\n\n<p>En Osorno, promovemos iniciativas que van m\u00e1s all\u00e1 del aula. Recientemente, nuestros alumnos trabajaron junto a estudiantes del Tecnol\u00f3gico de Monterrey (Guadalajara, M\u00e9xico) en un desaf\u00edo colaborativo con Arauco, uno de los principales actores del sector industrial. Este proyecto, enfocado en calcular, interpretar y proponer estrategias basadas en la elasticidad precio de la demanda, permiti\u00f3 a los estudiantes aplicar sus conocimientos te\u00f3ricos en un contexto real, enfrent\u00e1ndose a problemas complejos con soluciones pr\u00e1cticas.<\/p>\n\n\n\n<p>Como profesor, acompa\u00f1\u00e9 a los estudiantes de ambos pa\u00edses en este proyecto y fue interesante observar c\u00f3mo combinaron sus perspectivas y habilidades para abordar desaf\u00edos actuales. Su compromiso y capacidad para trabajar en equipo destacaron en cada etapa, mostrando el valor de estas experiencias pr\u00e1cticas en su formaci\u00f3n.<\/p>\n\n\n\n<p>Este tipo de experiencias reflejan nuestro compromiso con una educaci\u00f3n conectada a la realidad. Los estudiantes no solo adquirieron conocimientos t\u00e9cnicos, sino que tambi\u00e9n desarrollan habilidades esenciales como el trabajo en equipo, el an\u00e1lisis cr\u00edtico y la capacidad de comunicar ideas efectivamente. Estas colaboraciones, adem\u00e1s, fomentan redes internacionales que ampl\u00edan su perspectiva y les preparan para enfrentar desaf\u00edos en un contexto global.<\/p>\n\n\n\n<p>As\u00ed es como construimos una formaci\u00f3n integral que trasciende el aula, acercando a los estudiantes al mundo real y a las exigencias de un entorno empresarial en constante cambio. Esto es lo que hacemos: formar profesionales que marcan la diferencia.<\/p>\n\n\n\n<p><strong>Daniel Mu\u00f1oz Vargas &#8211; Docente Santo Tom\u00e1s Osorno<\/strong><\/p>\n","protected":false},"excerpt":{"rendered":"<p>Elegir d\u00f3nde estudiar no es solo una decisi\u00f3n acad\u00e9mica, es una inversi\u00f3n en el futuro.<\/p>\n","protected":false},"author":1,"featured_media":25594,"comment_status":"closed","ping_status":"closed","sticky":false,"template":"","format":"standard","meta":{"footnotes":""},"categories":[3,11,7],"tags":[2118,3714,337,273,247,2359,133],"class_list":["post-25593","post","type-post","status-publish","format-standard","has-post-thumbnail","hentry","category-al-dia","category-educacion","category-opinion","tag-semanariolocal","tag-daniel-munoz-vargas","tag-informacion","tag-noticias","tag-region-de-los-lagos","tag-santo-tomas-osorno","tag-semanario-local"],"_links":{"self":[{"href":"https:\/\/www.semanariolocal.cl\/index.php?rest_route=\/wp\/v2\/posts\/25593","targetHints":{"allow":["GET"]}}],"collection":[{"href":"https:\/\/www.semanariolocal.cl\/index.php?rest_route=\/wp\/v2\/posts"}],"about":[{"href":"https:\/\/www.semanariolocal.cl\/index.php?rest_route=\/wp\/v2\/types\/post"}],"author":[{"embeddable":true,"href":"https:\/\/www.semanariolocal.cl\/index.php?rest_route=\/wp\/v2\/users\/1"}],"replies":[{"embeddable":true,"href":"https:\/\/www.semanariolocal.cl\/index.php?rest_route=%2Fwp%2Fv2%2Fcomments&post=25593"}],"version-history":[{"count":1,"href":"https:\/\/www.semanariolocal.cl\/index.php?rest_route=\/wp\/v2\/posts\/25593\/revisions"}],"predecessor-version":[{"id":25595,"href":"https:\/\/www.semanariolocal.cl\/index.php?rest_route=\/wp\/v2\/posts\/25593\/revisions\/25595"}],"wp:featuredmedia":[{"embeddable":true,"href":"https:\/\/www.semanariolocal.cl\/index.php?rest_route=\/wp\/v2\/media\/25594"}],"wp:attachment":[{"href":"https:\/\/www.semanariolocal.cl\/index.php?rest_route=%2Fwp%2Fv2%2Fmedia&parent=25593"}],"wp:term":[{"taxonomy":"category","embeddable":true,"href":"https:\/\/www.semanariolocal.cl\/index.php?rest_route=%2Fwp%2Fv2%2Fcategories&post=25593"},{"taxonomy":"post_tag","embeddable":true,"href":"https:\/\/www.semanariolocal.cl\/index.php?rest_route=%2Fwp%2Fv2%2Ftags&post=25593"}],"curies":[{"name":"wp","href":"https:\/\/api.w.org\/{rel}","templated":true}]}}