{"id":25590,"date":"2024-12-22T08:25:00","date_gmt":"2024-12-22T11:25:00","guid":{"rendered":"https:\/\/www.semanariolocal.cl\/?p=25590"},"modified":"2024-12-22T09:58:21","modified_gmt":"2024-12-22T12:58:21","slug":"una-mirada-refrescante-para-la-cronica-chilena","status":"publish","type":"post","link":"https:\/\/www.semanariolocal.cl\/?p=25590","title":{"rendered":"Una mirada refrescante para la cr\u00f3nica chilena"},"content":{"rendered":"\n<p><strong><mark style=\"background-color:#abb8c3\" class=\"has-inline-color has-white-color\">22 de diciembre del 2024.-<\/mark><\/strong> En el marco de una nueva edici\u00f3n de La Furia del Libro, este s\u00e1bado 21 de diciembre a las 19 horas se realizar\u00e1 el lanzamiento de la antolog\u00eda I\u00b0 Premio Nuevas Plumas Chile 2024, entregado por la Universidad Andr\u00e9s Bello (UNAB) en conjunto con la Universidad Port\u00e1til.<\/p>\n\n\n\n<p>El nuevo libro de Berrinche Ediciones, que recoge las 15 mejores cr\u00f3nicas del I Premio Nuevas, por fin ver\u00e1 la luz en una nueva versi\u00f3n de la Furia del Libro que se est\u00e1 realizando en el Centro Cultural Gabriela Mistral (GAM).<\/p>\n\n\n\n<p>El director de la Escuela de Periodismo de la UNAB, Claudio Broitman, destac\u00f3 que \u00abestamos muy contentos por el \u00e9xito que tuvo el concurso, ya que hubo m\u00e1s de 50 postulaciones\u00bb.<\/p>\n\n\n\n<p>A\u00f1adi\u00f3 que \u00abtambi\u00e9n estamos felices por la calidad de las cr\u00f3nicas que expresan. Tenemos sensibilidades y aproximaciones a un mundo que emerge desde una perspectiva joven\u00bb.<\/p>\n\n\n\n<p>En este sentido remarc\u00f3 que \u00abson los j\u00f3venes cr\u00f3nistas quienes relatan un Chile que muchas veces parece invisible a los ojos de los m\u00e1s grandes\u00bb.<\/p>\n\n\n\n<p>En la jornada se anunciar\u00e1 la cr\u00f3nica ganadora de este concurso y adem\u00e1s se presentar\u00e1 la obra con la participaci\u00f3n tanto de Claudio Broitman; del acad\u00e9mico UNAB y periodista Juan Pablo Meneses y la editora de Memoria Creativa y fundadora de Berrinche Ediciones, Bernardita Garc\u00eda Jim\u00e9nez.<\/p>\n\n\n\n<p>Datos sobre el concurso \u00abPremio Nuevas Plumas Chile\u00bb<\/p>\n\n\n\n<p>Durante este 2024 la Universidad Andr\u00e9s Bello, a trav\u00e9s de la Escuela de Periodismo y gracias al trabajo en conjunto con la Universidad Port\u00e1til, present\u00f3 el concurso \u201cNuevas Plumas\u201d que se realiz\u00f3 de forma in\u00e9dita en Chile en su octava edici\u00f3n titulada \u201cPremio Nuevas Plumas Chile\u201d. Este concurso invit\u00f3 a participar con cr\u00f3nicas in\u00e9ditas a todos aquellos cronistas, periodistas o escritores menores a 35 a\u00f1os, chilenos y\/o residentes en Chile.<\/p>\n\n\n\n<p>El \u00abPremio Nuevas Plumas\u00bb es un proyecto literario \u00fanico en el idioma, que busca descubrir nuevas voces del periodismo narrativo en espa\u00f1ol y conectarlas con medios de comunicaci\u00f3n de diferentes pa\u00edses y nuevas audiencias. Creado en 2010 por el escritor y periodista chileno Juan Pablo Meneses, en las seis primeras ediciones el premio fue organizado por la Universidad Port\u00e1til en alianza con la Universidad de Guadalajara, M\u00e9xico, junto al patrocinio de la Feria Internacional del Libro de Guadalajara.<\/p>\n\n\n\n<p>Desde la Escuela de Periodismo, su director Claudio Broitman, cont\u00f3 que \u201cser parte de esta iniciativa es toda una aventura. Estamos convencidos de que la experiencia de la Universidad Port\u00e1til junto con el potente talento local, ser\u00e1n dinamita para hacer explotar una cantera de nuevos talentos\u201d.<\/p>\n\n\n\n<p>La convocatoria estuvo abierta hasta el 19 de mayo de 2024. El ganador ser\u00e1 premiado con $1.000.000, la publicaci\u00f3n de su cr\u00f3nica en medios asociados, un curso en la Universidad Port\u00e1til y la publicaci\u00f3n de las 15 cr\u00f3nicas finalistas del Nuevas Plumas Chile en una publicaci\u00f3n de Berrinche Ediciones. Tambi\u00e9n habr\u00e1 una menci\u00f3n honrosa para el cronista m\u00e1s joven de entre los finalistas que recibir\u00e1 un curso de la Universidad Port\u00e1til.<\/p>\n\n\n\n<p>Esta es la primera vez que el concurso se limita a un solo pa\u00eds, y aunque Chile es el primero, no ser\u00e1 el \u00faltimo en contar con esta modalidad. As\u00ed lo explica Juan Pablo Meneses, director fundador del Premio: \u201cdespu\u00e9s de una etapa exitosa del Nuevas Plumas como un premio a nivel global, convirti\u00e9ndose en el concurso de cr\u00f3nicas in\u00e9ditas m\u00e1s importante del idioma, ahora estamos iniciando una nueva etapa donde la apuesta es por historias y por el talento local. Chile ser\u00e1 el primer pa\u00eds en esta modalidad del Nuevas Plumas, y ya est\u00e1n en carpeta M\u00e9xico, Colombia y Argentina\u201d.<\/p>\n\n\n\n<p><strong>Jurados del concurso<\/strong><\/p>\n\n\n\n<p>Hist\u00f3ricamente el jurado del concurso ha estado compuesto por destacadas voces de la literatura hispanoamericana como Alejandro Zambra, Mart\u00edn Caparr\u00f3s, Graciela Mochkofsky, Juan Villoro o Marcela Turati, y entre los ganadores encontramos los reconocidos talentos de la colombiana Vanessa Londo\u00f1o \u2014autora de la novela El asedio animal, Premio Aura Estrada 2017, traducida a varias lenguas\u2014, Carlos Manuel \u00c1lvarez \u2014ganador del Premio Anagrama de Cr\u00f3nicas 2022\u2014 o \u2014Federico Bianchini \u2014cuyo \u00faltimo libro de cr\u00f3nicas \u201cTu nombre no es tu nombre\u201d acaba de publicarse en Espa\u00f1a\u2014. Estos autores, hoy consagrados a nivel internacional, eran in\u00e9ditos y desconocidos cuando ganaron \u201cNuevas Plumas\u201d.<\/p>\n\n\n\n<p><strong>Este a\u00f1o el jurado estuvo compuesto por:<\/strong><\/p>\n\n\n\n<p>Julio Villanueva Chang, fundador de las revistas Etiqueta Negra y Etiqueta Verde, maestro de la Fundaci\u00f3n Garc\u00eda M\u00e1rquez para el Nuevo Periodismo (FNPI) y miembro del Comit\u00e9 Consultivo de Radio Ambulante. Fue Premio de Cr\u00f3nicas de la Sociedad Interamericana de Prensa (SIP). Ha publicado \u201cDe cerca nadie es normal\u201d, una antolog\u00eda de sus perfiles; \u201cUn aficionado a las tormentas\u201d, una colecci\u00f3n de sus columnas; y \u201cMariposas y murci\u00e9lagos\u201d, una selecci\u00f3n de sus cr\u00f3nicas juveniles.<\/p>\n\n\n\n<p>Roc\u00edo Montes, jefa de informaci\u00f3n de EL PA\u00cdS en Chile. Empez\u00f3 a trabajar en 2011 como corresponsal en Santiago. Especializada en informaci\u00f3n pol\u00edtica, es coautora del libro La historia oculta de la d\u00e9cada socialista, sobre los gobiernos de Ricardo Lagos y Michelle Bachelet, junto a Ascanio Cavallo. Ha sido reportera y ha ejercido cargos de edici\u00f3n en El Mercurio y La Tercera. En 2019, la Academia Chilena de la Lengua le concedi\u00f3 el premio Alejandro Silva de la Fuente por el destacado uso del idioma.<\/p>\n\n\n\n<p>Juan Pablo Meneses, escritor, cronista y periodista chileno. Ha publicado, entre otros, los libros de no ficci\u00f3n Equipaje de Mano (\u00abestas cr\u00f3nicas no tienen nada que envidiarle a las mejores ficciones\u00bb, Alejandro Zambra, Las \u00daltimas Noticias) y Hotel Espa\u00f1a (\u00abla sangrante confesi\u00f3n de alguien que lo ha dejado todo por su solitario y audaz proyecto literario\u00bb, Gabriela Wiener, Quimera, Barcelona). Durante diecisiete a\u00f1os escribi\u00f3 \u201cPeriodismo Cash\u201d, trilog\u00eda sobre el consumo que incluye La vida de una vaca (\u00abla mejor composici\u00f3n sobre la vaca jam\u00e1s escrita\u00bb, Enrique Planas, El Comercio, Lima); Ni\u00f1os futbolistas (\u00abUn libro fascinante\u00bb, Mart\u00edn Caparr\u00f3s, Ol\u00e9, Buenos Aires) y Un dios Port\u00e1til (Premio Municipal de Literatura de Santiago 2020-2021).<\/p>\n\n\n\n<p>Es adem\u00e1s profesor de escritura de no ficci\u00f3n y fundador de la Universidad Port\u00e1til, Una historia perdida es su primera novela con la que result\u00f3 finalista al Premio Herralde 2021 bajo el seud\u00f3nimo de Dante Garc\u00eda.<\/p>\n","protected":false},"excerpt":{"rendered":"<p>El nuevo libro de Berrinche Ediciones, que recoge las 15 mejores cr\u00f3nicas del I Premio Nuevas, por fin ver\u00e1 la luz en una nueva versi\u00f3n de la Furia del Libro que se est\u00e1 realizando en el Centro Cultural Gabriela Mistral (GAM). <\/p>\n","protected":false},"author":1,"featured_media":25591,"comment_status":"closed","ping_status":"closed","sticky":false,"template":"","format":"standard","meta":{"footnotes":""},"categories":[3,10,2431],"tags":[2118,337,273,247,133,1822],"class_list":["post-25590","post","type-post","status-publish","format-standard","has-post-thumbnail","hentry","category-al-dia","category-cultura","category-literatura","tag-semanariolocal","tag-informacion","tag-noticias","tag-region-de-los-lagos","tag-semanario-local","tag-universidad-andres-bello"],"_links":{"self":[{"href":"https:\/\/www.semanariolocal.cl\/index.php?rest_route=\/wp\/v2\/posts\/25590","targetHints":{"allow":["GET"]}}],"collection":[{"href":"https:\/\/www.semanariolocal.cl\/index.php?rest_route=\/wp\/v2\/posts"}],"about":[{"href":"https:\/\/www.semanariolocal.cl\/index.php?rest_route=\/wp\/v2\/types\/post"}],"author":[{"embeddable":true,"href":"https:\/\/www.semanariolocal.cl\/index.php?rest_route=\/wp\/v2\/users\/1"}],"replies":[{"embeddable":true,"href":"https:\/\/www.semanariolocal.cl\/index.php?rest_route=%2Fwp%2Fv2%2Fcomments&post=25590"}],"version-history":[{"count":1,"href":"https:\/\/www.semanariolocal.cl\/index.php?rest_route=\/wp\/v2\/posts\/25590\/revisions"}],"predecessor-version":[{"id":25592,"href":"https:\/\/www.semanariolocal.cl\/index.php?rest_route=\/wp\/v2\/posts\/25590\/revisions\/25592"}],"wp:featuredmedia":[{"embeddable":true,"href":"https:\/\/www.semanariolocal.cl\/index.php?rest_route=\/wp\/v2\/media\/25591"}],"wp:attachment":[{"href":"https:\/\/www.semanariolocal.cl\/index.php?rest_route=%2Fwp%2Fv2%2Fmedia&parent=25590"}],"wp:term":[{"taxonomy":"category","embeddable":true,"href":"https:\/\/www.semanariolocal.cl\/index.php?rest_route=%2Fwp%2Fv2%2Fcategories&post=25590"},{"taxonomy":"post_tag","embeddable":true,"href":"https:\/\/www.semanariolocal.cl\/index.php?rest_route=%2Fwp%2Fv2%2Ftags&post=25590"}],"curies":[{"name":"wp","href":"https:\/\/api.w.org\/{rel}","templated":true}]}}